{"id":107662,"date":"2025-10-12T13:40:17","date_gmt":"2025-10-12T13:40:17","guid":{"rendered":"https:\/\/www.europesays.com\/pt\/107662\/"},"modified":"2025-10-12T13:40:17","modified_gmt":"2025-10-12T13:40:17","slug":"jovem-baleado-durante-madrugada-junto-a-discoteca-em-leiria","status":"publish","type":"post","link":"https:\/\/www.europesays.com\/pt\/107662\/","title":{"rendered":"Jovem baleado durante madrugada junto a discoteca em Leiria"},"content":{"rendered":"<p class=\"category\"><a href=\"https:\/\/sicnoticias.pt\/pais\" rel=\"nofollow noopener\" target=\"_blank\">Pa\u00eds<\/a><\/p>\n<p>Indiv\u00edduo deslocou-se \u00e0 esquadra da PSP de Leiria onde relatou ter sido baleado. Ao mesmo tempo, um outro homem encontrava-se no Quartel dos Bombeiros de Leiria um outro homem com ferimentos de arma branca que esteve envolvido na mesma ocorr\u00eancia. <\/p>\n<p><img decoding=\"async\" src=\"https:\/\/www.europesays.com\/pt\/wp-content\/uploads\/2025\/09\/1758157589_513_original.webp\" alt=\"Jovem baleado durante madrugada junto a discoteca em Leiria \"\/><\/p>\n<p>PSP<\/p>\n<p><strong>Um jovem de 18 anos foi baleado na madrugada deste domingo, no exterior de uma discoteca em Leiria, numa ocorr\u00eancia em que um outro homem ter\u00e1 sofrido ferimentos com arma branca.<\/strong><\/p>\n<p>Em comunicado, o Comando Distrital de Leiria da Pol\u00edcia de Seguran\u00e7a P\u00fablica (PSP) indica que o <strong>indiv\u00edduo deslocou-se \u00e0 esquadra da PSP de Leiria<\/strong> por volta das 5h30,<strong> &#8220;afirmando ter sido baleado momentos antes&#8221; numa discoteca.<\/strong><\/p>\n<p>O jovem apresentava um <strong>ferimento na zona lombar<\/strong>, &#8220;afigurando-se ter um proj\u00e9til alojado no interior do corpo&#8221;.<\/p>\n<p>De acordo com a autoridade, &#8220;foi-lhe prestado o<strong> socorro e devido encaminhamento para o Hospital de Leiria onde foi assistido<\/strong>&#8221; Ao mesmo tempo, no Quartel dos Bombeiros de Leiria estava um outro homem com ferimentos de arma branca, &#8220;tendo sido apurado que tamb\u00e9m<strong> ter\u00e1 estado envolvido na mesma ocorr\u00eancia&#8221; <\/strong>junto \u00e0 discoteca. <strong>Ambos j\u00e1 tiveram alta hospitalar.<\/strong><\/p>\n<p>A PSP deslocou-se ao local onde ter\u00e3o ocorrido os disparos e<strong> localizou &#8220;dois inv\u00f3lucros&#8221;<\/strong>, tendo tamb\u00e9m <strong>recolhido as imagens de videovigil\u00e2ncia.<\/strong><\/p>\n<p>A ocorr\u00eancia est\u00e1 a<strong> cargo da PJ, que investiga o caso.<\/strong><\/p>\n","protected":false},"excerpt":{"rendered":"Pa\u00eds Indiv\u00edduo deslocou-se \u00e0 esquadra da PSP de Leiria onde relatou ter sido baleado. Ao mesmo tempo, um&hellip;\n","protected":false},"author":2,"featured_media":90813,"comment_status":"","ping_status":"","sticky":false,"template":"","format":"standard","meta":{"footnotes":""},"categories":[10],"tags":[27,28,15,16,14,25,26,21,22,12,13,19,20,32,23,24,33,17,18,29,30,31],"class_list":{"0":"post-107662","1":"post","2":"type-post","3":"status-publish","4":"format-standard","5":"has-post-thumbnail","7":"category-portugal","8":"tag-breaking-news","9":"tag-breakingnews","10":"tag-featured-news","11":"tag-featurednews","12":"tag-headlines","13":"tag-latest-news","14":"tag-latestnews","15":"tag-main-news","16":"tag-mainnews","17":"tag-news","18":"tag-noticias","19":"tag-noticias-principais","20":"tag-noticiasprincipais","21":"tag-portugal","22":"tag-principais-noticias","23":"tag-principaisnoticias","24":"tag-pt","25":"tag-top-stories","26":"tag-topstories","27":"tag-ultimas","28":"tag-ultimas-noticias","29":"tag-ultimasnoticias"},"share_on_mastodon":{"url":"","error":""},"_links":{"self":[{"href":"https:\/\/www.europesays.com\/pt\/wp-json\/wp\/v2\/posts\/107662","targetHints":{"allow":["GET"]}}],"collection":[{"href":"https:\/\/www.europesays.com\/pt\/wp-json\/wp\/v2\/posts"}],"about":[{"href":"https:\/\/www.europesays.com\/pt\/wp-json\/wp\/v2\/types\/post"}],"author":[{"embeddable":true,"href":"https:\/\/www.europesays.com\/pt\/wp-json\/wp\/v2\/users\/2"}],"replies":[{"embeddable":true,"href":"https:\/\/www.europesays.com\/pt\/wp-json\/wp\/v2\/comments?post=107662"}],"version-history":[{"count":0,"href":"https:\/\/www.europesays.com\/pt\/wp-json\/wp\/v2\/posts\/107662\/revisions"}],"wp:featuredmedia":[{"embeddable":true,"href":"https:\/\/www.europesays.com\/pt\/wp-json\/wp\/v2\/media\/90813"}],"wp:attachment":[{"href":"https:\/\/www.europesays.com\/pt\/wp-json\/wp\/v2\/media?parent=107662"}],"wp:term":[{"taxonomy":"category","embeddable":true,"href":"https:\/\/www.europesays.com\/pt\/wp-json\/wp\/v2\/categories?post=107662"},{"taxonomy":"post_tag","embeddable":true,"href":"https:\/\/www.europesays.com\/pt\/wp-json\/wp\/v2\/tags?post=107662"}],"curies":[{"name":"wp","href":"https:\/\/api.w.org\/{rel}","templated":true}]}}