{"id":107667,"date":"2025-10-12T13:44:09","date_gmt":"2025-10-12T13:44:09","guid":{"rendered":"https:\/\/www.europesays.com\/pt\/107667\/"},"modified":"2025-10-12T13:44:09","modified_gmt":"2025-10-12T13:44:09","slug":"rita-carmo-reune-32-anos-de-disparos-a-sergio-godinho-em-novo-livro-regiao-de-leiria","status":"publish","type":"post","link":"https:\/\/www.europesays.com\/pt\/107667\/","title":{"rendered":"Rita Carmo re\u00fane 32 anos de \u201cdisparos\u201d a S\u00e9rgio Godinho em novo livro \u2013 Regi\u00e3o de Leiria"},"content":{"rendered":"<p><img fetchpriority=\"high\" decoding=\"async\" width=\"1024\" height=\"1024\" src=\"https:\/\/www.europesays.com\/pt\/wp-content\/uploads\/2025\/10\/542683369_10235910844449021_2476562186580729179_n-1024x1024.jpg\" alt=\"\" class=\"wp-image-406093\"  \/><\/p>\n<p>As primeiras fotografias s\u00e3o de um concerto em novembro de 1993, no Teatro S\u00e3o Luiz, em Lisboa; as mais recentes de junho deste ano, em casa do m\u00fasico, numa sess\u00e3o para a promo\u00e7\u00e3o do livro de contos \u201cComo se n\u00e3o houvesse amanh\u00e3\u201d. \u201cS\u00e9rgio Godinho por Rita Carmo\u201d chegou \u00e0s livrarias esta semana e junta imagens do cantautor captadas pela fot\u00f3grafa natural de Leiria nos \u00faltimos 32 anos.<\/p>\n<p>A edi\u00e7\u00e3o celebra os 80 anos de S\u00e9rgio Godinho e reflete uma rela\u00e7\u00e3o de empatia que ganhou contornos para al\u00e9m da m\u00fasica \u2013 tanto que ela o trata carinhosamente por \u201cMonsieur Godin\u201d. Mais do que um registo visual, o quarto livro da fot\u00f3grafa revela-se \u201cum retrato \u00edntimo da cumplicidade entre dois criadores que se reconhecem na arte e na vida\u201d, l\u00ea-se na sinopse da edi\u00e7\u00e3o da 100Folhas.<\/p>\n<p>Ao longo das \u00faltimas tr\u00eas d\u00e9cadas, Rita Carmo fotografou o m\u00fasico praticamente todos os anos, tanto em concertos como para retratos. No pref\u00e1cio do livro, S\u00e9rgio Godinho assume foi Rita quem mais o fotografou ao longo da carreira, em \u201cretratos, palcos, cen\u00e1rios ins\u00f3litos e cenas partilhadas com outros m\u00fasicos\u201d. O artista admite que se desenvolveu um \u201cjogo de sedu\u00e7\u00e3o m\u00fatua\u201d: ela atr\u00e1s da c\u00e2mara, ele \u00e0 frente, a olhar para ela.<\/p>\n<p>Rita Carmo \u00e9 a mais reconhecida fot\u00f3grafa de m\u00fasica em Portugal, atrav\u00e9s do seu trabalho na \u201cBlitz\u201d, tendo tamb\u00e9m j\u00e1 publicado em t\u00edtulos como \u201cMelody Maker\u201d ou \u201cRockin\u2019on\u201d.<\/p>\n","protected":false},"excerpt":{"rendered":"As primeiras fotografias s\u00e3o de um concerto em novembro de 1993, no Teatro S\u00e3o Luiz, em Lisboa; as&hellip;\n","protected":false},"author":2,"featured_media":107668,"comment_status":"","ping_status":"","sticky":false,"template":"","format":"standard","meta":{"footnotes":""},"categories":[143],"tags":[169,114,115,170,32,33],"class_list":{"0":"post-107667","1":"post","2":"type-post","3":"status-publish","4":"format-standard","5":"has-post-thumbnail","7":"category-livros","8":"tag-books","9":"tag-entertainment","10":"tag-entretenimento","11":"tag-livros","12":"tag-portugal","13":"tag-pt"},"share_on_mastodon":{"url":"","error":""},"_links":{"self":[{"href":"https:\/\/www.europesays.com\/pt\/wp-json\/wp\/v2\/posts\/107667","targetHints":{"allow":["GET"]}}],"collection":[{"href":"https:\/\/www.europesays.com\/pt\/wp-json\/wp\/v2\/posts"}],"about":[{"href":"https:\/\/www.europesays.com\/pt\/wp-json\/wp\/v2\/types\/post"}],"author":[{"embeddable":true,"href":"https:\/\/www.europesays.com\/pt\/wp-json\/wp\/v2\/users\/2"}],"replies":[{"embeddable":true,"href":"https:\/\/www.europesays.com\/pt\/wp-json\/wp\/v2\/comments?post=107667"}],"version-history":[{"count":0,"href":"https:\/\/www.europesays.com\/pt\/wp-json\/wp\/v2\/posts\/107667\/revisions"}],"wp:featuredmedia":[{"embeddable":true,"href":"https:\/\/www.europesays.com\/pt\/wp-json\/wp\/v2\/media\/107668"}],"wp:attachment":[{"href":"https:\/\/www.europesays.com\/pt\/wp-json\/wp\/v2\/media?parent=107667"}],"wp:term":[{"taxonomy":"category","embeddable":true,"href":"https:\/\/www.europesays.com\/pt\/wp-json\/wp\/v2\/categories?post=107667"},{"taxonomy":"post_tag","embeddable":true,"href":"https:\/\/www.europesays.com\/pt\/wp-json\/wp\/v2\/tags?post=107667"}],"curies":[{"name":"wp","href":"https:\/\/api.w.org\/{rel}","templated":true}]}}