{"id":107688,"date":"2025-10-12T13:58:12","date_gmt":"2025-10-12T13:58:12","guid":{"rendered":"https:\/\/www.europesays.com\/pt\/107688\/"},"modified":"2025-10-12T13:58:12","modified_gmt":"2025-10-12T13:58:12","slug":"bauruense-desenvolve-processo-fotografico-que-utiliza-polvilho","status":"publish","type":"post","link":"https:\/\/www.europesays.com\/pt\/107688\/","title":{"rendered":"Bauruense desenvolve processo fotogr\u00e1fico que utiliza polvilho"},"content":{"rendered":"<p>Imagine fotografar com uma m\u00e1quina anal\u00f3gica que utiliza vidro e polvilho para capturar imagens. A proposta parece inusitada nos tempos atuais, em que basta um toque no celular para registrar uma imagem e public\u00e1-la nas redes sociais.<\/p>\n<p>Mas \u00e9 exatamente isso que o bauruense Luiz Henrique Carneiro, o fot\u00f3grafo &#8220;lambe-lambe&#8221; &#8211; que tira fotos instant\u00e2neas, reveladas no local, em sua m\u00e1quina-laborat\u00f3rio &#8211; e pesquisador dos processos fotogr\u00e1ficos anal\u00f3gicos desenvolveu.<\/p>\n<p>Para substituir o col\u00f3dio \u00famido, composto dif\u00edcil de encontrar e altamente inflam\u00e1vel por conter \u00e1cido, ele criou uma emuls\u00e3o \u00e0 base de amido de mandioca, que recebeu o nome de Manihotipia, em refer\u00eancia ao nome cient\u00edfico da planta, Manihot esculenta.<\/p>\n<p>Al\u00e9m do col\u00f3dio, o novo m\u00e9todo dispensa o uso da emuls\u00e3o tradicionalmente utilizada para fixar sais de prata nas placas de vidro, etapa essencial na forma\u00e7\u00e3o de negativos fotogr\u00e1ficos da forma convencional.<\/p>\n<p>&#8220;Esta emuls\u00e3o funciona como uma cola nos sais de prata, que reagem \u00e0 luz para formar a imagem. E dois produtos foram utilizados para fazer essa emuls\u00e3o em larga escala para os negativos com vidro: o col\u00f3dio, que \u00e9 a base de nitrocelulose (1840), e depois a gelatina (1880), que \u00e9 utilizada at\u00e9 os dias atuais para fazer o filme fotogr\u00e1fico&#8221;, conta.<\/p>\n<p>Pesquisando formas mais simples e seguras de substituir o col\u00f3dio \u00famido desde 2014, Luiz Henrique conseguiu alcan\u00e7ar seu objetivo ao formular a emuls\u00e3o \u00e0 base de amido de mandioca, denominada Manihotipia &#8211; uma jun\u00e7\u00e3o do nome cient\u00edfico da planta com o sufixo de origem grega tipia, que significa imagem.<\/p>\n","protected":false},"excerpt":{"rendered":"Imagine fotografar com uma m\u00e1quina anal\u00f3gica que utiliza vidro e polvilho para capturar imagens. A proposta parece inusitada&hellip;\n","protected":false},"author":2,"featured_media":107689,"comment_status":"","ping_status":"","sticky":false,"template":"","format":"standard","meta":{"footnotes":""},"categories":[144],"tags":[207,205,206,203,201,202,204,114,115,32,33],"class_list":{"0":"post-107688","1":"post","2":"type-post","3":"status-publish","4":"format-standard","5":"has-post-thumbnail","7":"category-arte-e-design","8":"tag-arte","9":"tag-arte-e-design","10":"tag-artedesign","11":"tag-arts","12":"tag-arts-and-design","13":"tag-artsanddesign","14":"tag-design","15":"tag-entertainment","16":"tag-entretenimento","17":"tag-portugal","18":"tag-pt"},"share_on_mastodon":{"url":"","error":""},"_links":{"self":[{"href":"https:\/\/www.europesays.com\/pt\/wp-json\/wp\/v2\/posts\/107688","targetHints":{"allow":["GET"]}}],"collection":[{"href":"https:\/\/www.europesays.com\/pt\/wp-json\/wp\/v2\/posts"}],"about":[{"href":"https:\/\/www.europesays.com\/pt\/wp-json\/wp\/v2\/types\/post"}],"author":[{"embeddable":true,"href":"https:\/\/www.europesays.com\/pt\/wp-json\/wp\/v2\/users\/2"}],"replies":[{"embeddable":true,"href":"https:\/\/www.europesays.com\/pt\/wp-json\/wp\/v2\/comments?post=107688"}],"version-history":[{"count":0,"href":"https:\/\/www.europesays.com\/pt\/wp-json\/wp\/v2\/posts\/107688\/revisions"}],"wp:featuredmedia":[{"embeddable":true,"href":"https:\/\/www.europesays.com\/pt\/wp-json\/wp\/v2\/media\/107689"}],"wp:attachment":[{"href":"https:\/\/www.europesays.com\/pt\/wp-json\/wp\/v2\/media?parent=107688"}],"wp:term":[{"taxonomy":"category","embeddable":true,"href":"https:\/\/www.europesays.com\/pt\/wp-json\/wp\/v2\/categories?post=107688"},{"taxonomy":"post_tag","embeddable":true,"href":"https:\/\/www.europesays.com\/pt\/wp-json\/wp\/v2\/tags?post=107688"}],"curies":[{"name":"wp","href":"https:\/\/api.w.org\/{rel}","templated":true}]}}