{"id":107692,"date":"2025-10-12T14:00:21","date_gmt":"2025-10-12T14:00:21","guid":{"rendered":"https:\/\/www.europesays.com\/pt\/107692\/"},"modified":"2025-10-12T14:00:21","modified_gmt":"2025-10-12T14:00:21","slug":"apos-caos-do-ovo-liliana-avisa-fabio-sobre-marisa-e-ele-acaba-em-lagrimas-vai-ser-um-rotulo-pesado-secret-story","status":"publish","type":"post","link":"https:\/\/www.europesays.com\/pt\/107692\/","title":{"rendered":"Ap\u00f3s caos do ovo, Liliana avisa F\u00e1bio sobre Marisa e ele acaba em l\u00e1grimas: \u00abVai ser um r\u00f3tulo pesado\u00bb &#8211; Secret Story"},"content":{"rendered":"<p>No Di\u00e1rio do Secret Story 9, ap\u00f3s a confus\u00e3o gerada por causa de um ovo partido em Marisa, Liliana avisa F\u00e1bio sobre a colega e ele acaba em l\u00e1grimas no quarto.\u00a0<\/p>\n<p><strong>Esta semana h\u00e1 6 concorrentes em risco. Vote para salvar:\u00a0<\/strong><\/p>\n<p><strong>ANA &#8211; 761 20 20 01<br \/>ANA CRISTINA &#8211; 761 20 20 02<br \/>DYLAN &#8211; 761 20 20 07<br \/>F\u00c1BIO &#8211; 761 20 20 08<br \/>LEANDRO &#8211; 761 20 20 12<br \/>L\u00cdDIA &#8211; 761 20 20 13<\/strong><\/p>\n<p><a href=\"https:\/\/tvi.iol.pt\/secretstory\/aominuto\" wbo-id=\"32\" rel=\"nofollow noopener\" target=\"_blank\">Acompanhe aqui tudo o que se passa na casa mais vigiada do pa\u00eds!<\/a><\/p>\n","protected":false},"excerpt":{"rendered":"No Di\u00e1rio do Secret Story 9, ap\u00f3s a confus\u00e3o gerada por causa de um ovo partido em Marisa,&hellip;\n","protected":false},"author":2,"featured_media":107693,"comment_status":"","ping_status":"","sticky":false,"template":"","format":"standard","meta":{"footnotes":""},"categories":[142],"tags":[114,115,19082,19033,19016,19184,19034,32,33,151,19032],"class_list":{"0":"post-107692","1":"post","2":"type-post","3":"status-publish","4":"format-standard","5":"has-post-thumbnail","7":"category-tv","8":"tag-entertainment","9":"tag-entretenimento","10":"tag-fabio","11":"tag-galas-em-video","12":"tag-liliana","13":"tag-marisa","14":"tag-melhores-momentos-casa-dos-segredos","15":"tag-portugal","16":"tag-pt","17":"tag-tv","18":"tag-videos-secret-story-tvi"},"share_on_mastodon":{"url":"","error":""},"_links":{"self":[{"href":"https:\/\/www.europesays.com\/pt\/wp-json\/wp\/v2\/posts\/107692","targetHints":{"allow":["GET"]}}],"collection":[{"href":"https:\/\/www.europesays.com\/pt\/wp-json\/wp\/v2\/posts"}],"about":[{"href":"https:\/\/www.europesays.com\/pt\/wp-json\/wp\/v2\/types\/post"}],"author":[{"embeddable":true,"href":"https:\/\/www.europesays.com\/pt\/wp-json\/wp\/v2\/users\/2"}],"replies":[{"embeddable":true,"href":"https:\/\/www.europesays.com\/pt\/wp-json\/wp\/v2\/comments?post=107692"}],"version-history":[{"count":0,"href":"https:\/\/www.europesays.com\/pt\/wp-json\/wp\/v2\/posts\/107692\/revisions"}],"wp:featuredmedia":[{"embeddable":true,"href":"https:\/\/www.europesays.com\/pt\/wp-json\/wp\/v2\/media\/107693"}],"wp:attachment":[{"href":"https:\/\/www.europesays.com\/pt\/wp-json\/wp\/v2\/media?parent=107692"}],"wp:term":[{"taxonomy":"category","embeddable":true,"href":"https:\/\/www.europesays.com\/pt\/wp-json\/wp\/v2\/categories?post=107692"},{"taxonomy":"post_tag","embeddable":true,"href":"https:\/\/www.europesays.com\/pt\/wp-json\/wp\/v2\/tags?post=107692"}],"curies":[{"name":"wp","href":"https:\/\/api.w.org\/{rel}","templated":true}]}}