{"id":107694,"date":"2025-10-12T14:01:15","date_gmt":"2025-10-12T14:01:15","guid":{"rendered":"https:\/\/www.europesays.com\/pt\/107694\/"},"modified":"2025-10-12T14:01:15","modified_gmt":"2025-10-12T14:01:15","slug":"sonho-com-um-mundo-sem-poluicao-e-racismo-diz-antonio-caramelo-indicado-ao-grammy-latino-aos-11-anos","status":"publish","type":"post","link":"https:\/\/www.europesays.com\/pt\/107694\/","title":{"rendered":"&#8216;Sonho com um mundo sem polui\u00e7\u00e3o e racismo&#8217;, diz Antonio Caramelo, indicado ao Grammy Latino aos 11 anos"},"content":{"rendered":"\n<p class=\" content-text__container theme-color-primary-first-letter\" data-track-category=\"Link no Texto\" data-track-links=\"\"> Antonio Caramelo tem 11 anos e um disco indicado ao Grammy Latino na categoria melhor \u00e1lbum infantil. O menino, filho do ator Igor Rickli e da cantora e ex-BBB Aline Wirley, \u00e9 um multitalento. Canta, comp\u00f5e, toca viol\u00e3o, guitarra, ukulel\u00ea e est\u00e1 aprendendo flauta transversa. Como ator, integrou o elenco da novela &#8220;Fam\u00edlia \u00e9 tudo&#8221;. <\/p>\n<ul class=\"content-unordered-list\">\n<li><strong>Di\u00e1rios, K-pop e jogos de detetive:<\/strong> <a class=\"\" href=\"https:\/\/oglobo.globo.com\/cultura\/segundo-caderninho\/\" rel=\"nofollow noopener\" target=\"_blank\">leia todas as reportagens feitas pelo GLOBO para as crian\u00e7as<\/a><\/li>\n<\/ul>\n<p class=\" content-text__container \" data-track-category=\"Link no Texto\" data-track-links=\"\"> Mas o mini artista est\u00e1 longe de ser uma dessas estrelas mirins treinadinhas, de discurso pronto. Antonio \u00e9 crian\u00e7a, ponto. Uma crian\u00e7a cheia de personalidade e sonhos, como ele conta em edi\u00e7\u00e3o especial dedicada do Dia das Crian\u00e7as do &#8220;<a class=\"\" href=\"https:\/\/oglobo.globo.com\/tudo-sobre\/assunto\/conversa-vai-conversa-vem\/\" rel=\"nofollow noopener\" target=\"_blank\">Conversa vai, conversa vem<\/a>&#8220;, que vai ao ar nesta segunda-feira (13), 18h, no Youtube do jornal O GLOBO e no Spotify. Leia abaixo um trecho do papo: <\/p>\n<p class=\" content-text__container \" data-track-category=\"Link no Texto\" data-track-links=\"\"> <strong>Como foi receber a not\u00edcia que seu disco, &#8220;As aventuras de Caramelo&#8221;, em parceria com o grupo Malibu Kids, estava indicado ao Grammy Latino? Precisou se beliscar para acreditar que era verdade? <\/strong> <\/p>\n<p class=\" content-text__container \" data-track-category=\"Link no Texto\" data-track-links=\"\"> Olha, eu n\u00e3o esperava isso. Porque nem sabia o que era Grammy direito. S\u00f3 agora, quando vim me aprofundar nesse assunto, pensei: &#8220;Uau, estou realmente concorrendo a isso&#8221;. Ent\u00e3o, \u00e9 um momento especial. <\/p>\n<p class=\" content-text__container \" data-track-category=\"Link no Texto\" data-track-links=\"\"> <strong>Como est\u00e1 sua expectativa para a cerim\u00f4nia? <\/strong> <\/p>\n<p class=\" content-text__container \" data-track-category=\"Link no Texto\" data-track-links=\"\"> Estou gostando mais agora, mas s\u00f3 de pensar eu fico: &#8220;Nossa, vou para para Nova York, Las Vegas&#8230; T\u00e1 bom, t\u00e1 bom, n\u00e3o \u00e9 nada de mais, \u00e9 s\u00f3 o Grammy. Apenas&#8221; (risos). <\/p>\n<ul class=\"content-unordered-list\">\n<li><strong>Brincando de detetive:<\/strong><a class=\"\" href=\"https:\/\/oglobo.globo.com\/cultura\/segundo-caderninho\/especial\/brincando-de-detetive-livros-jogos-filmes-e-passeios-para-quem-adora-suspense-e-investigacao.ghtml\" rel=\"nofollow noopener\" target=\"_blank\"> livros, jogos, filmes e passeios para quem adora suspense e investiga\u00e7\u00e3o<\/a><\/li>\n<\/ul>\n<p>      <img decoding=\"async\" class=\"content-media__image\"  src=\"https:\/\/www.europesays.com\/pt\/wp-content\/uploads\/2025\/10\/112631110-sc-rio-de-janeiro-rj-07-10-2025-entrevista-com-o-ator-e-cantor-mirim-antonio-caramelo.-f.j.jpeg\" alt=\"Antonio Caramelo conversa com a jornalista Maria Fortuna, no jornal O GLOBO \u2014 Foto: Leo Martins\" width=\"5068\" height=\"3379\" loading=\"lazy\"\/>  Antonio Caramelo conversa com a jornalista Maria Fortuna, no jornal O GLOBO \u2014 Foto: Leo Martins       <\/p>\n<p class=\" content-text__container \" data-track-category=\"Link no Texto\" data-track-links=\"\"> <strong>Seu disco fala de forma divertida sobre o cotidiano de ser crian\u00e7a. Gosto muito de uma m\u00fasica que fala sobre a import\u00e2ncia de dar bom dia para as pessoas. Acha que um &#8220;Bom dia&#8221;, alegre pode mudar o humor de algu\u00e9m? <\/strong> <\/p>\n<p class=\" content-text__container \" data-track-category=\"Link no Texto\" data-track-links=\"\"> Na verdade, essa m\u00fasica \u00e9 uma homenagem, foi inspirada nos meus irm\u00e3os e em mim. Um dia a gente estava no carro indo para a escola, de boa. A\u00ed, do nada, minha irm\u00e3 inventou de abrir a janela e gritou: &#8220;Bom dia!&#8221;. A\u00ed, meu irm\u00e3o continuou, a gente continuou e at\u00e9 hoje a gente faz isso. Desde que eu tinha 10 anos. <\/p>\n<p class=\" content-text__container \" data-track-category=\"Link no Texto\" data-track-links=\"\"> <strong>O \u00e1lbum tamb\u00e9m traz mensagens importantes como a can\u00e7\u00e3o &#8220;Bolinha Azul&#8221; que fala sobre precisarmos cuidar da Terra, ouvir a natureza. Como surgiu a ideia dessa m\u00fasica? <\/strong> <\/p>\n<p class=\" content-text__container \" data-track-category=\"Link no Texto\" data-track-links=\"\"> Pela vida, n\u00e9? Fui aprendendo. No meu cotidiano, \u00e9 muito comum falar sobre a vida, de como todo tipo de vida \u00e9 uma coisa importante. A natureza tamb\u00e9m \u00e9 um tipo de vida, e a gente tem que preservar. <\/p>\n<p class=\" content-text__container \" data-track-category=\"Link no Texto\" data-track-links=\"\"> <strong>Voc\u00ea gosta de curtir a natureza? <\/strong> <\/p>\n<p class=\" content-text__container \" data-track-category=\"Link no Texto\" data-track-links=\"\"> Gosto. Sou um menino selvagem. Gosto de pular, me jogar, de me sujar. Quando eu olho para a natureza, vejo um playground. <\/p>\n<p class=\" content-text__container \" data-track-category=\"Link no Texto\" data-track-links=\"\"> <strong>Voc\u00ea tem um cabelo muito lindo e fez uma m\u00fasica para ele, dizendo que sue cabelo \u00e9 um &#8220;superstar&#8221;. Acha que essa m\u00fasica pode inspirar outras pessoas a gostarem de seus cabelos, a gostarem delas como elas s\u00e3o? <\/strong> <\/p>\n<p class=\" content-text__container \" data-track-category=\"Link no Texto\" data-track-links=\"\"> Sim. Porque, na verdade, muitas pessoas t\u00eam vergonha de deixar o cabelo solto, porque elas acham feio. \u00c9 por causa de um preconceito tamb\u00e9m, n\u00e9? Eu e o Malibu Kids fizemos essa m\u00fasica pensando em dizer: &#8220;T\u00e1 tudo bem cabelo solto, cada um \u00e9 de um jeito e t\u00e1 tudo certo&#8221;. <\/p>\n<p class=\" content-text__container \" data-track-category=\"Link no Texto\" data-track-links=\"\"> Leva tempo para pentear, d\u00f3i, mas, no final das contas, vale a pena. <\/p>\n<ul class=\"content-unordered-list\">\n<li><strong>&#8216;Guerreiras do K-pop&#8217;: <\/strong><a class=\"\" href=\"https:\/\/oglobo.globo.com\/cultura\/segundo-caderninho\/especial\/guerreiras-do-k-pop-quem-sao-as-dubladoras-das-vozes-das-huntrix-no-brasil.ghtml\" rel=\"nofollow noopener\" target=\"_blank\">Quem s\u00e3o as dubladoras das vozes das Huntrix no Brasil<\/a><\/li>\n<li><strong>Livros em formato de di\u00e1rio:<\/strong> <a class=\"\" href=\"https:\/\/oglobo.globo.com\/cultura\/segundo-caderninho\/especial\/diario-de-uma-reportagem-sobre-livros-escritos-em-formato-de-diario.ghtml\" rel=\"nofollow noopener\" target=\"_blank\">leia uma reportagem sobre eles com dicas para montar o seu<\/a><\/li>\n<\/ul>\n<p class=\" content-text__container \" data-track-category=\"Link no Texto\" data-track-links=\"\"> Me acho, sim. Me sinto bonito. N\u00e3o \u00e9 querer me gabar, mas a gente tem que pensar em si mesmo. <\/p>\n<p class=\" content-text__container \" data-track-category=\"Link no Texto\" data-track-links=\"\"> <strong>Como vem a inspira\u00e7\u00e3o para as m\u00fasicas que voc\u00ea comp\u00f5e?<\/strong> <\/p>\n<p class=\" content-text__container \" data-track-category=\"Link no Texto\" data-track-links=\"\"> Pego tudo que eu vivo, junto tudo em um s\u00f3 eu, crio palavras. Geralmente, pego a guitarra ou o viol\u00e3o, sento l\u00e1 no ch\u00e3o da minha sala, primeiro crio uma sequencia de acordes, depois escolho um tema, crio uma letra em cima daquela base e a minha m\u00fasica est\u00e1 pronta. <\/p>\n<p class=\" content-text__container \" data-track-category=\"Link no Texto\" data-track-links=\"\"> <strong>Quando se deu conta de que tinha essa voz bonita? Voc\u00ea passa o dia cantando?<\/strong> <\/p>\n<p class=\" content-text__container \" data-track-category=\"Link no Texto\" data-track-links=\"\"> Passo (risos). Desde que eu era bem pequenininho, ficava enchendo o saco dos meus pais, passava o dia todo cantando, tocando. Era a minha rotina, a\u00ed fui percebendo que ao longo do tempo minha voz foi mudando at\u00e9 chegar nesse ponto de agora. <\/p>\n<p class=\" content-text__container \" data-track-category=\"Link no Texto\" data-track-links=\"\"> <strong>Qual \u00e9 a sua mem\u00f3ria musical mais antiga? <\/strong> <\/p>\n<p class=\" content-text__container \" data-track-category=\"Link no Texto\" data-track-links=\"\"> Tem uma hist\u00f3ria bonitinha. Quando eu era muito pequeno, chovia muito no Alto da Boa Vista, onde eu moro. Eu ficava com muito medo. Tinha uns quatro aninhos? O vento soprava nas \u00e1rvores e fazia um barulho, tipo como se fosse um neg\u00f3cio fantasma, sabe? Eu ficava tremendo, chorava com medo de acabar a luz. A\u00ed, minha m\u00e3e me pegava no colo, me botava no sof\u00e1, eu deitava no colo dela, e ela me cantava uma musiquinha. Acho que chamava &#8220;A voz do trov\u00e3o&#8221;. <\/p>\n<p class=\" content-text__container \" data-track-category=\"Link no Texto\" data-track-links=\"\"> <strong>Que talento voc\u00ea destacaria na sua m\u00e3e? E no seu pai? <\/strong> <\/p>\n<p class=\" content-text__container \" data-track-category=\"Link no Texto\" data-track-links=\"\"> O meu pai \u00e9 mais de atuar, ele j\u00e1 fez muitas novelas, mas ele tamb\u00e9m canta e faz teatro. Minha m\u00e3e, eu destacaria como cantora mesmo, porque ela fez o Rouge, que durou por anos. <\/p>\n<p>       <img decoding=\"async\" class=\"content-media__image\"  src=\"https:\/\/www.europesays.com\/pt\/wp-content\/uploads\/2025\/10\/thumbnail-image-6483441.jpeg\" alt=\"Antonio Caramelo com os pais: Aline Wirley e Igor Rickli \u2014 Foto: Reprodu\u00e7\u00e3o\/Instagram\" width=\"620\" height=\"480\" loading=\"lazy\"\/>  Antonio Caramelo com os pais: Aline Wirley e Igor Rickli \u2014 Foto: Reprodu\u00e7\u00e3o\/Instagram       <\/p>\n<p class=\" content-text__container \" data-track-category=\"Link no Texto\" data-track-links=\"\"> <strong>Quando sua m\u00e3e foi para o BBB, ficou com saudade? Do que mais sentiu falta? <\/strong> <\/p>\n<p class=\" content-text__container \" data-track-category=\"Link no Texto\" data-track-links=\"\"> Muita, meu Deus. Eu n\u00e3o parava de chorar. Ficava falando para os meus amigos: &#8220;Gente, me ajuda, t\u00f4 com depress\u00e3o&#8221;. Eu sentia falta daquele chamego, sabe? Minha m\u00e3e \u00e9 a pessoa mais calma da nossa fam\u00edlia. Eu sentia falta de ficar pertinho dela. <\/p>\n<ul class=\"content-unordered-list\">\n<li><strong>Solte a imagina\u00e7\u00e3o:<\/strong> <a class=\"\" href=\"https:\/\/oglobo.globo.com\/cultura\/segundo-caderninho\/noticia\/2025\/10\/12\/por-que-livros-para-colorir-fazem-bem-e-ajudam-a-esquecer-um-pouco-do-celular.ghtml\" rel=\"nofollow noopener\" target=\"_blank\">Por que livros para colorir fazem bem e ajudam a esquecer \u2014 um pouco \u2014 do celular<\/a><\/li>\n<\/ul>\n<p class=\" content-text__container \" data-track-category=\"Link no Texto\" data-track-links=\"\"> <strong>Ano passado, voc\u00ea ganhou dois irm\u00e3os, o Will e a Fatima, que seus pais adotaram. Como foi a chegada deles, o que sentiu? <\/strong> <\/p>\n<p class=\" content-text__container \" data-track-category=\"Link no Texto\" data-track-links=\"\"> A gente briga muito. Mesmo. Mas no final das contas a gente se ama. Nesses momentos que a gente briga eu vejo como eu amo aquele menino e aquela menina. Faria tudo para n\u00e3o perder eles, estar sempre perto deles. <\/p>\n<p class=\" content-text__container \" data-track-category=\"Link no Texto\" data-track-links=\"\"> <strong>Voc\u00ea n\u00e3o ficou com medo de perder o seu espa\u00e7o de filho \u00fanico? <\/strong> <\/p>\n<p class=\" content-text__container \" data-track-category=\"Link no Texto\" data-track-links=\"\"> Fiquei. No in\u00edcio, eu era muito ciumento. Como Will era o mais novinho, meu pai ficava agarrando ele, dando beijinho. E eu ficava assim: &#8220;Olha eu aqui, pai&#8221;. Ele dizia: &#8220;Voc\u00ea j\u00e1 est\u00e1 h\u00e1 10 anos aqui comigo, teve seu pr\u00f3prio espa\u00e7o, agora \u00e9 a vez dele&#8221;. A\u00ed, tudo bem. <\/p>\n<p class=\" content-text__container \" data-track-category=\"Link no Texto\" data-track-links=\"\"> <strong>Voc\u00ea \u00e9 bem resolvido. Fez terapia? <\/strong> <\/p>\n<p class=\" content-text__container \" data-track-category=\"Link no Texto\" data-track-links=\"\"> Eu fazia, antes de eles chegarem. <\/p>\n<p class=\" content-text__container \" data-track-category=\"Link no Texto\" data-track-links=\"\"> <strong>O que aprendeu de mais precioso com os seus irm\u00e3os, e o que ensinou? <\/strong> <\/p>\n<p class=\" content-text__container \" data-track-category=\"Link no Texto\" data-track-links=\"\"> Aprendi que a vida n\u00e3o \u00e9 um espa\u00e7o \u00fanico. Que a gente tem que dividir. N\u00e3o \u00e9 tudo s\u00f3 para mim, \u00e9 para todo mundo. Eu e papai ensinamos Will a n\u00e3o mentir. A Fatima \u00e9 muito grossa, ela d\u00e1 uns tapas na gente. \u00c9 muito engra\u00e7ado. Mas a\u00ed a gente ensina a n\u00e3o bater, a n\u00e3o brigar. <\/p>\n<p class=\" content-text__container \" data-track-category=\"Link no Texto\" data-track-links=\"\"> <strong>Como surgiu o seu nome art\u00edstico, Ant\u00f4nio Caramelo?<\/strong> <\/p>\n<p class=\" content-text__container \" data-track-category=\"Link no Texto\" data-track-links=\"\"> Por causa disso daqui, \u00f3 (passa a m\u00e3o no antebra\u00e7o), da minha pele, e do meu jeitinho. <\/p>\n<ul class=\"content-unordered-list\">\n<li><strong>Como \u00e9 viver com pets:<\/strong> <a class=\"\" href=\"https:\/\/oglobo.globo.com\/cultura\/segundo-caderninho\/especial\/como-e-viver-com-pets-criancas-contam-suas-rotinas-com-caes-gatos-coelhos-e-ate-jabutis.ghtml\" rel=\"nofollow noopener\" target=\"_blank\">crian\u00e7as contam suas rotinas com c\u00e3es, gatos, coelhos e at\u00e9 jabutis<\/a><\/li>\n<\/ul>\n<p class=\" content-text__container \" data-track-category=\"Link no Texto\" data-track-links=\"\"> <strong>Que tipo de m\u00fasica voc\u00ea gosta de escutar? Quais s\u00e3o suas refer\u00eancias?<\/strong> <\/p>\n<p class=\" content-text__container \" data-track-category=\"Link no Texto\" data-track-links=\"\"> Gosto muito de jazz. Tenho muitas inspira\u00e7\u00f5es, a minha m\u00e3e, meu pai, Bruno Mars. Gosto daquelas m\u00fasicas bem animadas, que me d\u00e1 vontade de dan\u00e7ar, rir, brincar. <\/p>\n<p class=\" content-text__container \" data-track-category=\"Link no Texto\" data-track-links=\"\"> <strong>O que que voc\u00ea gosta de fazer nas horas vagas, assim? <\/strong> <\/p>\n<p class=\" content-text__container \" data-track-category=\"Link no Texto\" data-track-links=\"\"> Brincar com meu irm\u00e3o, ir no pula-pula, jogar videogame, compor. Gosto de desenhar. Tenho um amigo chamado Gabriel, que desenha muito bem. No meu anivers\u00e1rio do ano passado, ele fez um desenho meu, nossa, ficou lindo! Tamb\u00e9m gosto de viajar, quero ir para o Canad\u00e1, porque uma das coisas que mais gosto \u00e9 neve e l\u00e1 neva muito. Eu amo esquiar. Nunca esquiei, mas queria muito. <\/p>\n<p class=\" content-text__container \" data-track-category=\"Link no Texto\" data-track-links=\"\"> Nada! J\u00e1 fui duas vezes em uma montanha-russa que tinha quatro loopings. <\/p>\n<p class=\" content-text__container \" data-track-category=\"Link no Texto\" data-track-links=\"\"> <strong>Que outro esporte voc\u00ea gosta?<\/strong> <\/p>\n<p class=\" content-text__container \" data-track-category=\"Link no Texto\" data-track-links=\"\"> Gosto de v\u00f4lei. Futebol n\u00e3o curto muito, \u00e9 muito agressivo. At\u00e9 jogo quando n\u00e3o tem outra coisa, mas&#8230; Nem tenho time. Meus amigos ficam falando que eu sou Flamengo, ent\u00e3o, tecnicamente, \u00e9, mas se for por mim, eu n\u00e3o tenho time. <\/p>\n<p class=\" content-text__container \" data-track-category=\"Link no Texto\" data-track-links=\"\"> <strong>Qual \u00e9 a melhor e a pior coisa de ser crian\u00e7a?<\/strong> <\/p>\n<p class=\" content-text__container \" data-track-category=\"Link no Texto\" data-track-links=\"\"> A pior \u00e9 ter que ir pra escola e perder a liberdade estudando, sentado em uma cadeira. A melhor \u00e9 que no s\u00e1bado e domingo voc\u00ea t\u00e1 livre pra sair correndo, ficar pelado e entrar na piscina. <\/p>\n<p class=\" content-text__container \" data-track-category=\"Link no Texto\" data-track-links=\"\"> <strong>Mas a escola tem muita coisa legal. O que voc\u00ea mais gosta da escola? <\/strong> <\/p>\n<p class=\" content-text__container \" data-track-category=\"Link no Texto\" data-track-links=\"\"> Gosto muito de brincar de v\u00f4lei, conversar com minhas amigas, de vez em quando eu at\u00e9 leio no recreio. <\/p>\n<p class=\" content-text__container \" data-track-category=\"Link no Texto\" data-track-links=\"\"> <strong>O que voc\u00ea gosta de ler? <\/strong> <\/p>\n<p class=\" content-text__container \" data-track-category=\"Link no Texto\" data-track-links=\"\"> Gosto de livros de magia. <\/p>\n<p class=\" content-text__container \" data-track-category=\"Link no Texto\" data-track-links=\"\"> <strong>O que voc\u00ea tem vontade de fazer agora? <\/strong> <\/p>\n<p class=\" content-text__container \" data-track-category=\"Link no Texto\" data-track-links=\"\"> Queria muito fazer uma banda. Consegui uma baterista l\u00e1 na minha escola que se chama Paola. Agora s\u00f3 falta um baixista e outro guitarrista. Eu vou ser o vocal e guitarra. <\/p>\n<p class=\" content-text__container \" data-track-category=\"Link no Texto\" data-track-links=\"\"> <strong>O que quer ganhar de Dia de Crian\u00e7a?<\/strong> <\/p>\n<p class=\" content-text__container \" data-track-category=\"Link no Texto\" data-track-links=\"\"> Um dia livre todo mundo junto pra fazer o que quiser. Brincar, pular no pula-pula, no nos parques, andar de montanha russa, comer doce. <\/p>\n<p class=\" content-text__container \" data-track-category=\"Link no Texto\" data-track-links=\"\"> <strong>Se voc\u00ea pudesse fazer um pedido para para melhorar o mundo, qual seria?<\/strong> <\/p>\n<p class=\" content-text__container \" data-track-category=\"Link no Texto\" data-track-links=\"\"> Normalmente, tem adultos que cortam as asas das crian\u00e7as. Eles perdem os seus sonhos. Gostaria de mudar essa consci\u00eancia, que deixam as crian\u00e7as seguirem os sonhos delas. <\/p>\n<p class=\" content-text__container \" data-track-category=\"Link no Texto\" data-track-links=\"\"> <strong>Qual \u00e9 o seu maior sonho? <\/strong> <\/p>\n<p class=\" content-text__container \" data-track-category=\"Link no Texto\" data-track-links=\"\"> Tenho um sonho aleat\u00f3rio de tocar numa nuvem. Mas meu maior sonho \u00e9 fazer um mundo melhor, sem polui\u00e7\u00e3o, todo mundo mais conscientizado, sem racismo, e com menos ind\u00fastrias. <\/p>\n","protected":false},"excerpt":{"rendered":"Antonio Caramelo tem 11 anos e um disco indicado ao Grammy Latino na categoria melhor \u00e1lbum infantil. O&hellip;\n","protected":false},"author":2,"featured_media":107695,"comment_status":"","ping_status":"","sticky":false,"template":"","format":"standard","meta":{"footnotes":""},"categories":[141],"tags":[6966,6967,114,115,149,150,8385,32,33],"class_list":{"0":"post-107694","1":"post","2":"type-post","3":"status-publish","4":"format-standard","5":"has-post-thumbnail","7":"category-musica","8":"tag-conversa-vai","9":"tag-conversa-vem","10":"tag-entertainment","11":"tag-entretenimento","12":"tag-music","13":"tag-musica","14":"tag-ping-pong","15":"tag-portugal","16":"tag-pt"},"share_on_mastodon":{"url":"","error":""},"_links":{"self":[{"href":"https:\/\/www.europesays.com\/pt\/wp-json\/wp\/v2\/posts\/107694","targetHints":{"allow":["GET"]}}],"collection":[{"href":"https:\/\/www.europesays.com\/pt\/wp-json\/wp\/v2\/posts"}],"about":[{"href":"https:\/\/www.europesays.com\/pt\/wp-json\/wp\/v2\/types\/post"}],"author":[{"embeddable":true,"href":"https:\/\/www.europesays.com\/pt\/wp-json\/wp\/v2\/users\/2"}],"replies":[{"embeddable":true,"href":"https:\/\/www.europesays.com\/pt\/wp-json\/wp\/v2\/comments?post=107694"}],"version-history":[{"count":0,"href":"https:\/\/www.europesays.com\/pt\/wp-json\/wp\/v2\/posts\/107694\/revisions"}],"wp:featuredmedia":[{"embeddable":true,"href":"https:\/\/www.europesays.com\/pt\/wp-json\/wp\/v2\/media\/107695"}],"wp:attachment":[{"href":"https:\/\/www.europesays.com\/pt\/wp-json\/wp\/v2\/media?parent=107694"}],"wp:term":[{"taxonomy":"category","embeddable":true,"href":"https:\/\/www.europesays.com\/pt\/wp-json\/wp\/v2\/categories?post=107694"},{"taxonomy":"post_tag","embeddable":true,"href":"https:\/\/www.europesays.com\/pt\/wp-json\/wp\/v2\/tags?post=107694"}],"curies":[{"name":"wp","href":"https:\/\/api.w.org\/{rel}","templated":true}]}}