{"id":107748,"date":"2025-10-12T14:52:14","date_gmt":"2025-10-12T14:52:14","guid":{"rendered":"https:\/\/www.europesays.com\/pt\/107748\/"},"modified":"2025-10-12T14:52:14","modified_gmt":"2025-10-12T14:52:14","slug":"argentina-com-tomas-perez-e-prestianni-nas-meias-finais-do-mundial-sub-20","status":"publish","type":"post","link":"https:\/\/www.europesays.com\/pt\/107748\/","title":{"rendered":"Argentina com Tom\u00e1s P\u00e9rez e Prestianni nas meias-finais do Mundial sub-20"},"content":{"rendered":"<p>A Argentina garantiu, na noite de s\u00e1bado (j\u00e1 madrugada deste domingo em Portugal) o apuramento para as meias-finais do Mundial sub-20, ao vencer o M\u00e9xico, por 2-0, em Santiago, no Chile.<\/p>\n<p>No segundo jogo dos quartos de final \u2013 depois da <a href=\"https:\/\/maisfutebol.iol.pt\/internacional\/mundial-sub-20\/mundial-sub-20-colombia-ultrapassa-espanha-e-e-a-primeira-semifinalista\" target=\"_blank\" rel=\"nofollow noopener\"><strong>vit\u00f3ria da Col\u00f4mbia ante Espanha, por 3-2<\/strong><\/a> \u2013 os argentinos conseguiram tamb\u00e9m a passagem \u00e0 pr\u00f3xima eliminat\u00f3ria, com Tom\u00e1s P\u00e9rez (FC Porto) e Gianluca Prestianni (Benfica) a titulares.<\/p>\n<p>Prestianni esteve na jogada do primeiro golo, fazendo o passe para o remate de Valentino Acu\u00f1a, defendido por Emmanuel Ochoa, antes de Maher Carrizo, na recarga, concluir na \u00e1rea para o 1-0.<\/p>\n<p>Mateo Silvetti, lan\u00e7ado para a segunda parte, fez o 2-0 com que terminou o jogo: foi mais r\u00e1pido do que dois advers\u00e1rios a chegar \u00c0 bola e rematou na \u00e1rea para dobrar a vantagem argentina.<\/p>\n<p><strong>Siga o\u00a0<a href=\"http:\/\/whatsapp.com\/channel\/0029Va9lGKPGOj9nW79Pd117\" title=\"http:\/\/whatsapp.com\/channel\/0029Va9lGKPGOj9nW79Pd117\" rel=\"nofollow noopener\" target=\"_blank\">canal de Whatsapp do Maisfutebol<\/a><\/strong><\/p>\n<p><strong>Veja aqui os golos:<\/strong><\/p>\n<p>Num final de jogo mais quentinho, o M\u00e9xico acabou o jogo reduzido a nove jogadores, com as expuls\u00f5es de Diego Ochoa (90+2m) e Tahiel Jim\u00e9nez (90+7m).<\/p>\n<p>Nas meias-finais, a Argentina defronta a Col\u00f4mbia. Os jogos EUA-Marrocos e Noruega-Fran\u00e7a v\u00e3o definir os outros dois semifinalistas.<\/p>\n","protected":false},"excerpt":{"rendered":"A Argentina garantiu, na noite de s\u00e1bado (j\u00e1 madrugada deste domingo em Portugal) o apuramento para as meias-finais&hellip;\n","protected":false},"author":2,"featured_media":107749,"comment_status":"","ping_status":"","sticky":false,"template":"","format":"standard","meta":{"footnotes":""},"categories":[87],"tags":[2424,135,25256,46,1872,22303,32,24245,33,47,5434,134,16186],"class_list":{"0":"post-107748","1":"post","2":"type-post","3":"status-publish","4":"format-standard","5":"has-post-thumbnail","7":"category-desporto","8":"tag-argentina","9":"tag-desporto","10":"tag-gianluca-prestianni","11":"tag-maisfutebol","12":"tag-mexico","13":"tag-mundial-sub-20","14":"tag-portugal","15":"tag-prestianni","16":"tag-pt","17":"tag-pura-paixao","18":"tag-resultados-hoje","19":"tag-sports","20":"tag-tomas-perez"},"share_on_mastodon":{"url":"","error":""},"_links":{"self":[{"href":"https:\/\/www.europesays.com\/pt\/wp-json\/wp\/v2\/posts\/107748","targetHints":{"allow":["GET"]}}],"collection":[{"href":"https:\/\/www.europesays.com\/pt\/wp-json\/wp\/v2\/posts"}],"about":[{"href":"https:\/\/www.europesays.com\/pt\/wp-json\/wp\/v2\/types\/post"}],"author":[{"embeddable":true,"href":"https:\/\/www.europesays.com\/pt\/wp-json\/wp\/v2\/users\/2"}],"replies":[{"embeddable":true,"href":"https:\/\/www.europesays.com\/pt\/wp-json\/wp\/v2\/comments?post=107748"}],"version-history":[{"count":0,"href":"https:\/\/www.europesays.com\/pt\/wp-json\/wp\/v2\/posts\/107748\/revisions"}],"wp:featuredmedia":[{"embeddable":true,"href":"https:\/\/www.europesays.com\/pt\/wp-json\/wp\/v2\/media\/107749"}],"wp:attachment":[{"href":"https:\/\/www.europesays.com\/pt\/wp-json\/wp\/v2\/media?parent=107748"}],"wp:term":[{"taxonomy":"category","embeddable":true,"href":"https:\/\/www.europesays.com\/pt\/wp-json\/wp\/v2\/categories?post=107748"},{"taxonomy":"post_tag","embeddable":true,"href":"https:\/\/www.europesays.com\/pt\/wp-json\/wp\/v2\/tags?post=107748"}],"curies":[{"name":"wp","href":"https:\/\/api.w.org\/{rel}","templated":true}]}}