{"id":107777,"date":"2025-10-12T15:20:12","date_gmt":"2025-10-12T15:20:12","guid":{"rendered":"https:\/\/www.europesays.com\/pt\/107777\/"},"modified":"2025-10-12T15:20:12","modified_gmt":"2025-10-12T15:20:12","slug":"lenda-de-hollywood-kim-novak-critica-escolha-de-jovem-atriz-que-a-interpreta-em-novo-filme-coisinha-fragil-e-minuscula","status":"publish","type":"post","link":"https:\/\/www.europesays.com\/pt\/107777\/","title":{"rendered":"Lenda de Hollywood, Kim Novak critica escolha de jovem atriz que a interpreta em novo filme: &#8216;Coisinha fr\u00e1gil e min\u00fascula&#8217;"},"content":{"rendered":"\n<p class=\" content-text__container theme-color-primary-first-letter\" data-track-category=\"Link no Texto\" data-track-links=\"\"> Em fevereiro de 1959, Kim Novak esteve no Rio de Janeiro para promover o lan\u00e7amento de um filme cujo t\u00edtulo a atriz americana j\u00e1 n\u00e3o recorda. Mas ela ainda lembra com clareza do nome da marchinha que a inspirou a abandonar a rotina dos compromissos profissionais e se juntar ao carnaval de rua naquele momento. \u201cPensava: \u2018meu Deus, eu s\u00f3 quero sentir o Brasil\u2019. Ent\u00e3o voltei para onde estava hospedada, tirei os sapatos e o vestido desconfort\u00e1veis e desci para dan\u00e7ar e cantar junto com as pessoas a letra de \u2018Me d\u00e1 um dinheiro a\u00ed\u2019. Senti a emo\u00e7\u00e3o, a m\u00fasica, o perigo, mas tamb\u00e9m a paix\u00e3o\u201d, conta a atriz, de 92 anos, com a voz rascante que lhe \u00e9 caracter\u00edstica, uma das \u00faltimas lendas da Era de Ouro de Hollywood. <\/p>\n<p class=\" content-text__container \" data-track-category=\"Link no Texto\" data-track-links=\"\"> O epis\u00f3dio envolvendo a famosa can\u00e7\u00e3o de Homero Ferreira n\u00e3o est\u00e1 no document\u00e1rio \u201cKim Novak\u2019s vertigo\u201d, de Alexander O. Philippe, no qual a estrela eternizada em \u201cUm corpo que cai\u201d (1958), de Alfred Hitchcock \u2014 filme que, ali\u00e1s, a trouxe ao Brasil naquele carnaval \u2014 revisita o seu passado. Mas oferece pistas do esp\u00edrito desbravador e inquieto da artista que foi obrigada a mudar de nome e visual para se transformar na atriz de maior bilheteria do mundo entre os anos 1950 e 1960, antes de abandonar Hollywood e abra\u00e7ar uma vida reclusa, dedicada \u00e0 pintura e aos cavalos. \u201cSei que estou perto do fim. Eu meio que queria contar a minha verdade, expressar realmente quem sou. Sinto que consegui fazer isso com a minha arte. Mas percebi que, neste momento, precisava colocar tudo para fora\u201d, explica Kim, em entrevista durante o Festival de Veneza, no m\u00eas passado, onde recebeu o Le\u00e3o de Ouro honor\u00e1rio, e foi promover a estreia do longa. \u201cKim Novak\u2019s v\u00e9rtigo\u201d ganhar\u00e1 premi\u00e8re no Brasil na Mostra de S\u00e3o Paulo (16 a 30 de outubro). <\/p>\n<p class=\" content-text__container \" data-track-category=\"Link no Texto\" data-track-links=\"\"> <strong>No document\u00e1rio, a senhora reencontra o terno cinza de Madeleine, de \u201cUm corpo que cai\u201d. Que sentimentos lhe vieram \u00e0 cabe\u00e7a?<\/strong> <\/p>\n<p class=\" content-text__container \" data-track-category=\"Link no Texto\" data-track-links=\"\"> Aquele terno cinza representava algo que n\u00e3o gostava na \u00e9poca, que era me passar por algu\u00e9m que n\u00e3o era, como faz a personagem no filme. Tinha sentimentos conflitantes. Ent\u00e3o, quando abri a caixa que continha a pe\u00e7a, arrematada por uma f\u00e3 em um leil\u00e3o e enviada \u00e0 minha agente, aquilo me pegou de surpresa. De repente, a pe\u00e7a me pareceu uma lembran\u00e7a mais macia. Percebi que os anos podem fazer isso, e com pessoas tamb\u00e9m. A gente fica mais suave, sabe? <\/p>\n<p class=\" content-text__container \" data-track-category=\"Link no Texto\" data-track-links=\"\"> <strong>Consegue se expressar mais artisticamente agora, com a pintura, do que fazendo filmes?<\/strong> <\/p>\n<p class=\" content-text__container \" data-track-category=\"Link no Texto\" data-track-links=\"\"> Certamente, porque, em uma pintura, sempre mostro o negativo e o positivo. Sempre h\u00e1 tristeza, mas tamb\u00e9m alegria. N\u00e3o quero que as pessoas olhem e digam \u201cah, que quadro bonito!\u201d. Estou interessada em dizer algo. Ent\u00e3o, espero que, depois que eu me for, saibam que o tempo todo eu estava pensando em todas as situa\u00e7\u00f5es da vida para mim, da minha perspectiva. E da perspectiva do meu \u201ceu bipolar\u201d. <\/p>\n<p class=\" content-text__container \" data-track-category=\"Link no Texto\" data-track-links=\"\"> <strong>Quando come\u00e7ou a carreira, mudou de nome, perdeu peso, consertou os dentes. Gostaria de ser atriz na Hollywood de hoje?<\/strong> <\/p>\n<p class=\" content-text__container \" data-track-category=\"Link no Texto\" data-track-links=\"\"> Ah, gostaria tanto&#8230; \u00c0s vezes, vejo um filme e penso: \u201cAh, adoraria ter feito isso!\u201d. Porque agora tudo \u00e9 mais livre. Quando comecei, tudo dependia da apar\u00eancia. Agora voc\u00ea pode usar qualquer corte de cabelo, se vestir como quiser. Adoraria ter come\u00e7ado a fazer filmes um pouco mais tarde, para aproveitar essa liberdade. Mas a oportunidade me chegou quando chegou, e voc\u00ea tem que fazer o melhor que conseguir com ela. <\/p>\n<p class=\" content-text__container \" data-track-category=\"Link no Texto\" data-track-links=\"\"> <strong>O nome da senhora voltar\u00e1 \u00e0s telas em breve com o filme \u201cScandalous\u201d, no qual o diretor Colman Domingo contar\u00e1 a hist\u00f3ria de seu romance com o cantor Sammy Davis Jr. O que acha do projeto?<\/strong> <\/p>\n<p class=\" content-text__container \" data-track-category=\"Link no Texto\" data-track-links=\"\"> N\u00e3o tenho obje\u00e7\u00e3o em rela\u00e7\u00e3o a esse filme. Mas importante mesmo \u00e9 quem ir\u00e1 me interpretar nele, e n\u00e3o consigo pensar em ningu\u00e9m menos adequado para fazer isso do que a atriz escolhida, Sydney Sweeney. Ela \u00e9 muito boa, mas diferente de mim&#8230; \u00c9 uma coisinha fr\u00e1gil e min\u00fascula. N\u00e3o \u00e9 somente a apar\u00eancia f\u00edsica, mas tudo a respeito dela, at\u00e9 mesmo a maneira como ela pensa, porque j\u00e1 vi ela expressar suas ideias, e por isso ela me parece uma escolha t\u00e3o estranha. <\/p>\n<p class=\" content-text__container \" data-track-category=\"Link no Texto\" data-track-links=\"\"> <strong>Mas a senhora foi consultada sobre o projeto? Eles pediram sua permiss\u00e3o?<\/strong> <\/p>\n<p class=\" content-text__container \" data-track-category=\"Link no Texto\" data-track-links=\"\"> Na verdade, queriam comprar os direitos sobre a minha vida, porque eles v\u00eam tentando fazer esse filme h\u00e1 muito tempo. Mas ainda estou viva, ent\u00e3o eles t\u00eam a liberdade de fazer o que quiserem com a minha biografia. Chegaram a me oferecer muito dinheiro por ela, mas certamente n\u00e3o queria isso. Deveria vender minha alma ao diabo? Estaria fazendo isso se aceitasse dinheiro deles. Mas a quest\u00e3o \u00e9 que essa atriz foi trazida para o projeto e n\u00e3o posso fazer nada a respeito, a n\u00e3o ser expressar o meu descontentamento. Minha \u00fanica esperan\u00e7a \u00e9 que ela receba uma outra oferta irrecus\u00e1vel, planejada para ser filmada ao mesmo tempo que o previsto para \u201cScandalous\u201d. <\/p>\n","protected":false},"excerpt":{"rendered":"Em fevereiro de 1959, Kim Novak esteve no Rio de Janeiro para promover o lan\u00e7amento de um filme&hellip;\n","protected":false},"author":2,"featured_media":107778,"comment_status":"","ping_status":"","sticky":false,"template":"","format":"standard","meta":{"footnotes":""},"categories":[140],"tags":[114,115,147,148,146,32,33],"class_list":{"0":"post-107777","1":"post","2":"type-post","3":"status-publish","4":"format-standard","5":"has-post-thumbnail","7":"category-filmes","8":"tag-entertainment","9":"tag-entretenimento","10":"tag-film","11":"tag-filmes","12":"tag-movies","13":"tag-portugal","14":"tag-pt"},"share_on_mastodon":{"url":"","error":""},"_links":{"self":[{"href":"https:\/\/www.europesays.com\/pt\/wp-json\/wp\/v2\/posts\/107777","targetHints":{"allow":["GET"]}}],"collection":[{"href":"https:\/\/www.europesays.com\/pt\/wp-json\/wp\/v2\/posts"}],"about":[{"href":"https:\/\/www.europesays.com\/pt\/wp-json\/wp\/v2\/types\/post"}],"author":[{"embeddable":true,"href":"https:\/\/www.europesays.com\/pt\/wp-json\/wp\/v2\/users\/2"}],"replies":[{"embeddable":true,"href":"https:\/\/www.europesays.com\/pt\/wp-json\/wp\/v2\/comments?post=107777"}],"version-history":[{"count":0,"href":"https:\/\/www.europesays.com\/pt\/wp-json\/wp\/v2\/posts\/107777\/revisions"}],"wp:featuredmedia":[{"embeddable":true,"href":"https:\/\/www.europesays.com\/pt\/wp-json\/wp\/v2\/media\/107778"}],"wp:attachment":[{"href":"https:\/\/www.europesays.com\/pt\/wp-json\/wp\/v2\/media?parent=107777"}],"wp:term":[{"taxonomy":"category","embeddable":true,"href":"https:\/\/www.europesays.com\/pt\/wp-json\/wp\/v2\/categories?post=107777"},{"taxonomy":"post_tag","embeddable":true,"href":"https:\/\/www.europesays.com\/pt\/wp-json\/wp\/v2\/tags?post=107777"}],"curies":[{"name":"wp","href":"https:\/\/api.w.org\/{rel}","templated":true}]}}