{"id":107781,"date":"2025-10-12T15:22:14","date_gmt":"2025-10-12T15:22:14","guid":{"rendered":"https:\/\/www.europesays.com\/pt\/107781\/"},"modified":"2025-10-12T15:22:14","modified_gmt":"2025-10-12T15:22:14","slug":"macau-alerta-para-subida-nos-casos-de-febre-chikungunya-observador","status":"publish","type":"post","link":"https:\/\/www.europesays.com\/pt\/107781\/","title":{"rendered":"Macau alerta para subida nos casos de febre chikungunya \u2013 Observador"},"content":{"rendered":"<p>As autoridades da regi\u00e3o semiaut\u00f3noma chinesa de Macau lan\u00e7aram este domingo um alerta \u00e0 popula\u00e7\u00e3o, face ao aumento das infe\u00e7\u00f5es locais pelo v\u00edrus chikungunya, ap\u00f3s um surto na vizinha prov\u00edncia chinesa de Guangdong.<\/p>\n<p>No s\u00e1bado \u00e0 noite, os Servi\u00e7os de Sa\u00fade de Macau (SSM) revelaram a dete\u00e7\u00e3o de mais dois casos locais, elevando para oito o total. Foram ainda registados 24 casos em pessoas vindas de exterior.<\/p>\n<p>A chefe do Centro de Preven\u00e7\u00e3o e Controlo de Doen\u00e7as dos SSM, Leong Iek Hou, disse numa confer\u00eancia de imprensa que existe \u201cum risco cont\u00ednuo de importa\u00e7\u00e3o de casos\u201d e que o risco de transmiss\u00e3o em Macau \u201c\u00e9 muito alto\u201d.<\/p>\n<p>Transmitido por mosquitos, chikungunya provoca febre e dores articulares, com sintomas semelhantes aos da dengue, afetando com maior gravidade crian\u00e7as, idosos e pessoas com doen\u00e7as preexistentes.<\/p>\n<p>Ainda assim, o diretor dos SSM, Alvis Lo Iek Long, defendeu que \u201cn\u00e3o \u00e9 preciso entrar em p\u00e2nico\u201d, porque os casos locais de chikungunya \u201ccontinuam a ser espor\u00e1dicos\u201d e \u201cainda n\u00e3o se regista uma infe\u00e7\u00e3o coletiva\u201d.<\/p>\n<p>Na China continental, quase <strong>16.500 casos de chikungunya foram registados at\u00e9 ao final de setembro<\/strong>, num surto concentrado nas cidades de Foshan e Jiangmen, pr\u00f3ximas de Macau e Hong Kong, que registou 32 casos.<\/p>\n<p>As autoridades de Foshan impuseram medidas preventivas rigorosas, incluindo uso de redes mosquiteiras, drones\u00a0e desinfetante, com amea\u00e7as de multas e cortes de eletricidade para quem n\u00e3o eliminar \u00e1guas paradas.<\/p>\n<p>Alvis Lo disse que prefere contar com \u201ca colabora\u00e7\u00e3o dos residentes\u201d, n\u00e3o s\u00f3 para eliminar \u00e1guas estagnadas, mas tamb\u00e9m para usar redes mosquiteiras e repelente de mosquitos.<\/p>\n<p>A infecciologista Tian Yakun sublinhou que os quatro infetados atualmente internados nos hospitais de Macau s\u00e3o \u201ccasos ligeiros\u201d, mas sublinhou que a febre pode levar a \u201cdores articulares cr\u00f3nicas durante meses ou anos\u201d.<\/p>\n<p>A especialista recordou ainda que, de acordo com mais o recente relat\u00f3rio da Organiza\u00e7\u00e3o Mundial de Sa\u00fade, as infe\u00e7\u00f5es por chikungunya causaram 155 mortes em todo o mundo este ano, at\u00e9 ao final de setembro.<\/p>\n<p>Em Foshan, os infetados s\u00e3o obrigados a permanecer no hospital durante pelo menos uma semana e as autoridades chegaram a impor quarentenas domicili\u00e1rias de duas semanas, entretanto suspensas por o v\u00edrus n\u00e3o se transmitir entre humanos.<\/p>\n<p>Leong Iek Hou confirmou que em Macau foram tomadas \u201cmedidas semelhantes ao interior da China\u201d, para evitar que os pacientes ainda com o v\u00edrus no sangue possam ser picados por mosquitos que transmitem a febre a outras pessoas.<\/p>\n<p>No final de agosto, o Centro Europeu de Preven\u00e7\u00e3o e Controlo de Doen\u00e7as sublinhou que foram registados este ano 27 surtos de chikungunya, um novo recorde no continente europeu.<\/p>\n<p>Em Portugal, o mosquito Aedes Albopictus (conhecido como \u201cmosquito-tigre\u201d), transmissor de doen\u00e7as como dengue, zika e chikungunya, foi encontrado, s\u00f3 este ano, em <a href=\"https:\/\/www.google.com\/url?client=internal-element-cse&amp;cx=018163261140574844532:-lpyfofgllu&amp;q=https:\/\/observador.pt\/2025\/10\/03\/mosquito-transmissor-do-dengue-zika-e-chikungunya-detetado-em-condeixa-a-nova\/&amp;sa=U&amp;ved=2ahUKEwiy2dGL7J6QAxV_KvsDHbbxDEAQFnoECAQQAg&amp;usg=AOvVaw2KuOiixer58AbZ2ogRqdUo\" rel=\"nofollow noopener\" target=\"_blank\">Condeixa-a-Nova<\/a> (Coimbra), na <a href=\"https:\/\/www.google.com\/url?client=internal-element-cse&amp;cx=018163261140574844532:-lpyfofgllu&amp;q=https:\/\/observador.pt\/2025\/09\/24\/mosquito-transmissor-do-dengue-detetado-na-covilha\/&amp;sa=U&amp;ved=2ahUKEwj02rKX7J6QAxX_MvsDHXyOPNoQFnoECAUQAg&amp;usg=AOvVaw1rghmPFxyy6VGf6w6Pcu-d\" rel=\"nofollow noopener\" target=\"_blank\">Covilh\u00e3<\/a> (Castelo Branco) e em <a href=\"https:\/\/www.google.com\/url?client=internal-element-cse&amp;cx=018163261140574844532:-lpyfofgllu&amp;q=https:\/\/observador.pt\/2025\/08\/26\/unidade-local-de-saude-alerta-para-aumento-de-mosquito-transmissor-do-dengue-e-zika-em-pombal\/&amp;sa=U&amp;ved=2ahUKEwiAw7Gg7J6QAxV5VqQEHU2PFqgQFnoECAQQAg&amp;usg=AOvVaw0Wlz1BdSJvdXqkth7ESESb\" rel=\"nofollow noopener\" target=\"_blank\">Pombal<\/a> (Leiria).<\/p>\n","protected":false},"excerpt":{"rendered":"As autoridades da regi\u00e3o semiaut\u00f3noma chinesa de Macau lan\u00e7aram este domingo um alerta \u00e0 popula\u00e7\u00e3o, face ao aumento&hellip;\n","protected":false},"author":2,"featured_media":107782,"comment_status":"","ping_status":"","sticky":false,"template":"","format":"standard","meta":{"footnotes":""},"categories":[86],"tags":[442,1891,6727,116,15366,62,32,33,2946,117,3546,3268],"class_list":{"0":"post-107781","1":"post","2":"type-post","3":"status-publish","4":"format-standard","5":"has-post-thumbnail","7":"category-saude","8":"tag-ciu00eancia","9":"tag-dengue","10":"tag-doenu00e7as","11":"tag-health","12":"tag-macau","13":"tag-mundo","14":"tag-portugal","15":"tag-pt","16":"tag-sau00fade","17":"tag-saude","18":"tag-u00c1sia","19":"tag-vu00edrus"},"share_on_mastodon":{"url":"","error":""},"_links":{"self":[{"href":"https:\/\/www.europesays.com\/pt\/wp-json\/wp\/v2\/posts\/107781","targetHints":{"allow":["GET"]}}],"collection":[{"href":"https:\/\/www.europesays.com\/pt\/wp-json\/wp\/v2\/posts"}],"about":[{"href":"https:\/\/www.europesays.com\/pt\/wp-json\/wp\/v2\/types\/post"}],"author":[{"embeddable":true,"href":"https:\/\/www.europesays.com\/pt\/wp-json\/wp\/v2\/users\/2"}],"replies":[{"embeddable":true,"href":"https:\/\/www.europesays.com\/pt\/wp-json\/wp\/v2\/comments?post=107781"}],"version-history":[{"count":0,"href":"https:\/\/www.europesays.com\/pt\/wp-json\/wp\/v2\/posts\/107781\/revisions"}],"wp:featuredmedia":[{"embeddable":true,"href":"https:\/\/www.europesays.com\/pt\/wp-json\/wp\/v2\/media\/107782"}],"wp:attachment":[{"href":"https:\/\/www.europesays.com\/pt\/wp-json\/wp\/v2\/media?parent=107781"}],"wp:term":[{"taxonomy":"category","embeddable":true,"href":"https:\/\/www.europesays.com\/pt\/wp-json\/wp\/v2\/categories?post=107781"},{"taxonomy":"post_tag","embeddable":true,"href":"https:\/\/www.europesays.com\/pt\/wp-json\/wp\/v2\/tags?post=107781"}],"curies":[{"name":"wp","href":"https:\/\/api.w.org\/{rel}","templated":true}]}}