{"id":107786,"date":"2025-10-12T15:32:20","date_gmt":"2025-10-12T15:32:20","guid":{"rendered":"https:\/\/www.europesays.com\/pt\/107786\/"},"modified":"2025-10-12T15:32:20","modified_gmt":"2025-10-12T15:32:20","slug":"spin-off-de-a-guerra-dos-tronos-estreia-em-janeiro-num-westeros-muito-diferente","status":"publish","type":"post","link":"https:\/\/www.europesays.com\/pt\/107786\/","title":{"rendered":"Spin-off de A Guerra dos Tronos estreia em janeiro num Westeros muito diferente"},"content":{"rendered":"<p class=\"wp-caption-text top\"><a href=\"https:\/\/press-portugal.max.com\/post\/a-serie-de-drama-hbo-original-a-knight-of-the-seven-kingdoms-com\" rel=\"nofollow external noopener noreferrer\" data-wpel-link=\"external\" target=\"_blank\" class=\"ext-link\">HBO<\/a><\/p>\n<p><img decoding=\"async\" loading=\"lazy\" class=\"wp-image-705492 size-kopa-image-size-3\" src=\"https:\/\/www.europesays.com\/pt\/wp-content\/uploads\/2025\/10\/a29a805c5892f92cda4119dec4f96cb4-783x450.png\" alt=\"\" width=\"700\" height=\"402\"  \/><\/p>\n<p><strong>Depois de meses em sil\u00eancio, HBO lan\u00e7ou trailer e data de lan\u00e7amento para a nova s\u00e9rie no universo de Game of Thrones. S\u00e9rie quer fugir da fantasia e aproximar-se do mundo real \u2014 uma \u201cInglaterra do s\u00e9c. XIV\u201d.<br \/><\/strong><\/p>\n<p>Apesar da dece\u00e7\u00e3o global no final de uma das s\u00e9ries mais vista de sempre, a HBO continua a expandir o universo de Game of Thrones. Com House of The Dragon ainda em exibi\u00e7\u00e3o, com a temporada 3 com estreia prevista para junho de 2026, o pr\u00f3ximo ano vai arrancar com uma nova hist\u00f3ria em Westeros.<\/p>\n<p><strong>\u201cA Knight of the Seven Kingdoms\u201d<\/strong> estreia a 18 de janeiro e vai situar-se nos s\u00e9culos que separam Game of Thrones da sua prequela, House of the Dragon.<\/p>\n<p>Vai aompanhar um cavaleiro errante, Sir Duncan, o Alto (Peter Claffey), que n\u00e3o tem pretens\u00f5es nobres, nas suas viagens pelos sete reinos, at\u00e9 que assume a tutela de um jovem que precisa da sua prote\u00e7\u00e3o. O cavaleiro de bom cora\u00e7\u00e3o, desamparado ap\u00f3s a morte do seu mestre, conheceu Egg (Dexter Sol Ansell) num torneio. O pequeno rapaz calvo ser\u00e1 membro de uma das fam\u00edlias mais importantes do universo \u2014 mas a s\u00e9rie n\u00e3o se ir\u00e1 focar nisso.<\/p>\n<p>O respons\u00e1vel pela s\u00e9rie, Ira Parker, citado pelo <a href=\"https:\/\/www.inverse.com\/entertainment\/a-knight-of-the-seven-kingdoms-small-scale\" data-wpel-link=\"external\" target=\"_blank\" rel=\"nofollow external noopener noreferrer\" class=\"ext-link\">Inverse<\/a>, sublinha que a nova produ\u00e7\u00e3o se distingue das restantes do universo GOT: n\u00e3o ter\u00e1 a habitual abertura \u00e9pica e focar-se-\u00e1, ao contr\u00e1rio do resto da saga, nas pessoas comuns em vez das fam\u00edlias reais.<\/p>\n<p>O objetivo \u00e9 mesmo fugir do universo fantasioso e mostrar uma esp\u00e9cie de <strong>\u201cInglaterra do s\u00e9culo XIV\u201d<\/strong>, explica Parker. Situada pelo menos um s\u00e9culo ap\u00f3s a queda da dinastia Targaryen e cinquenta anos depois da morte do \u00faltimo drag\u00e3o (embora v\u00e1 ter \u201cdrag\u00f5es\u201d, de acordo com o trailer), a s\u00e9rie promete retratar um mundo <strong>quase sem magia<\/strong>.<\/p>\n<p>A nova s\u00e9rie j\u00e1 sofreu v\u00e1rios atrasos at\u00e9 ter uma data de estreia definitiva. Ap\u00f3s longos per\u00edodos de an\u00fancios vagos, a s\u00e9rie chega finalmente aos ecr\u00e3s a 18 de janeiro. Eis o trailer:<\/p>\n<p>    <a href=\"https:\/\/zap.aeiou.pt\/subscrever-newsletter\" data-wpel-link=\"internal\" rel=\"nofollow noopener\" target=\"_blank\">&#13;<br \/>\n        <img loading=\"lazy\" decoding=\"async\" class=\"aligncenter size-full wp-image-575475\" src=\"https:\/\/www.europesays.com\/pt\/wp-content\/uploads\/2025\/10\/1759862234_971_2d51fe4a0ba54894421ead1809309ed9-1-450x140.jpg\" alt=\"Subscreva a Newsletter ZAP\" width=\"450\" height=\"140\"\/>&#13;<br \/>\n    <\/a><\/p>\n<p>                <a href=\"https:\/\/whatsapp.com\/channel\/0029VaIC4EE2f3EJZPPSbR34\" data-wpel-link=\"external\" target=\"_blank\" rel=\"nofollow external noopener noreferrer\" class=\"ext-link\">&#13;<br \/>\n                    <img loading=\"lazy\" decoding=\"async\" class=\"aligncenter size-full wp-image-575475\" src=\"https:\/\/www.europesays.com\/pt\/wp-content\/uploads\/2025\/10\/1759862234_512_c68c559d956d4ca20f435ed74a6e71e6.png\" alt=\"Siga-nos no WhatsApp\" width=\"175\" height=\"64\"\/>&#13;<br \/>\n                <\/a><\/p>\n<p>                <a href=\"https:\/\/news.google.com\/publications\/CAAiEHRwZondIV71PDjWNoqMduEqFAgKIhB0cGaJ3SFe9Tw41jaKjHbh?hl=en-US&amp;gl=US&amp;ceid=US%3Aen\" data-wpel-link=\"external\" target=\"_blank\" rel=\"nofollow external noopener noreferrer\" class=\"ext-link\">&#13;<br \/>\n                    <img loading=\"lazy\" decoding=\"async\" class=\"aligncenter size-full wp-image-575475\" src=\"https:\/\/www.europesays.com\/pt\/wp-content\/uploads\/2025\/10\/1759862235_242_5123dd8b087b644fdb8f8603acd1bad4.png\" alt=\"Siga-nos no Google News\" width=\"176\" height=\"64\"\/>&#13;<br \/>\n                <\/a><\/p>\n","protected":false},"excerpt":{"rendered":"HBO Depois de meses em sil\u00eancio, HBO lan\u00e7ou trailer e data de lan\u00e7amento para a nova s\u00e9rie no&hellip;\n","protected":false},"author":2,"featured_media":107787,"comment_status":"","ping_status":"","sticky":false,"template":"","format":"standard","meta":{"footnotes":""},"categories":[142],"tags":[114,115,10983,1626,32,33,941,218,151],"class_list":{"0":"post-107786","1":"post","2":"type-post","3":"status-publish","4":"format-standard","5":"has-post-thumbnail","7":"category-tv","8":"tag-entertainment","9":"tag-entretenimento","10":"tag-game-of-thrones","11":"tag-hbo","12":"tag-portugal","13":"tag-pt","14":"tag-series","15":"tag-televisao","16":"tag-tv"},"share_on_mastodon":{"url":"","error":""},"_links":{"self":[{"href":"https:\/\/www.europesays.com\/pt\/wp-json\/wp\/v2\/posts\/107786","targetHints":{"allow":["GET"]}}],"collection":[{"href":"https:\/\/www.europesays.com\/pt\/wp-json\/wp\/v2\/posts"}],"about":[{"href":"https:\/\/www.europesays.com\/pt\/wp-json\/wp\/v2\/types\/post"}],"author":[{"embeddable":true,"href":"https:\/\/www.europesays.com\/pt\/wp-json\/wp\/v2\/users\/2"}],"replies":[{"embeddable":true,"href":"https:\/\/www.europesays.com\/pt\/wp-json\/wp\/v2\/comments?post=107786"}],"version-history":[{"count":0,"href":"https:\/\/www.europesays.com\/pt\/wp-json\/wp\/v2\/posts\/107786\/revisions"}],"wp:featuredmedia":[{"embeddable":true,"href":"https:\/\/www.europesays.com\/pt\/wp-json\/wp\/v2\/media\/107787"}],"wp:attachment":[{"href":"https:\/\/www.europesays.com\/pt\/wp-json\/wp\/v2\/media?parent=107786"}],"wp:term":[{"taxonomy":"category","embeddable":true,"href":"https:\/\/www.europesays.com\/pt\/wp-json\/wp\/v2\/categories?post=107786"},{"taxonomy":"post_tag","embeddable":true,"href":"https:\/\/www.europesays.com\/pt\/wp-json\/wp\/v2\/tags?post=107786"}],"curies":[{"name":"wp","href":"https:\/\/api.w.org\/{rel}","templated":true}]}}