{"id":107803,"date":"2025-10-12T15:47:15","date_gmt":"2025-10-12T15:47:15","guid":{"rendered":"https:\/\/www.europesays.com\/pt\/107803\/"},"modified":"2025-10-12T15:47:15","modified_gmt":"2025-10-12T15:47:15","slug":"a-grande-mentira-que-contam-sobre-bruce-dickinson-e-paul-dianno","status":"publish","type":"post","link":"https:\/\/www.europesays.com\/pt\/107803\/","title":{"rendered":"A grande mentira que contam sobre Bruce Dickinson e Paul Di\u2019Anno"},"content":{"rendered":"\n<p>Em 1981, o vocalista <strong><a href=\"https:\/\/igormiranda.com.br\/tag\/paul-dianno\/\" target=\"_blank\" rel=\"noreferrer noopener nofollow\">Paul <\/a><\/strong><strong><a href=\"https:\/\/igormiranda.com.br\/tag\/paul-dianno\/\" target=\"_blank\" rel=\"noreferrer noopener nofollow\">Di\u2019Anno<\/a><\/strong> foi demitido do <strong><a href=\"https:\/\/igormiranda.com.br\/tag\/iron-maiden\/\" target=\"_blank\" rel=\"noreferrer noopener nofollow\">Iron Maiden<\/a><\/strong> e substitu\u00eddo pelo ent\u00e3o frontman do <strong><a href=\"https:\/\/igormiranda.com.br\/tag\/samson\/\" target=\"_blank\" rel=\"noreferrer noopener nofollow\">Samson<\/a><\/strong>, <strong><a href=\"https:\/\/igormiranda.com.br\/tag\/bruce-dickinson\/\" target=\"_blank\" rel=\"noreferrer noopener nofollow\">Bruce Dickinson<\/a><\/strong>. Desde ent\u00e3o, Di\u2019Anno, em especial, passou d\u00e9cadas provocando o colega de profiss\u00e3o em entrevistas. A situa\u00e7\u00e3o s\u00f3 se arrefeceu poucos anos antes de sua morte, em outubro de 2024.<\/p>\n<p>Todavia, h\u00e1 algo sobre os dois cantores que se tornou uma esp\u00e9cie de lenda urbana. E s\u00f3 agora Bruce tratou de esclarecer.<\/p>\n<p>&#8211; Advertisement &#8211;<\/p>\n<p>Em julho de 2024, um Di\u2019Anno j\u00e1 debilitado se encontrou com Dickinson em Zagreb, cidade na Cro\u00e1cia onde realizava tratamentos m\u00e9dicos. Paul realizava eventos para promover o \u00e1lbum do projeto <strong>Warhorse<\/strong>, enquanto Bruce faria um show solo.<\/p>\n<p><a href=\"https:\/\/igormiranda.com.br\/2024\/07\/bruce-dickinson-paul-dianno-encontro-iron-maiden\/\" target=\"_blank\" rel=\"noreferrer noopener nofollow\">Uma foto<\/a> da dupla foi publicada e a informa\u00e7\u00e3o \u00e9 de que os dois haviam se encontrado \u201cpela primeira vez\u201d. Por\u00e9m, Bruce tratou de desmentir o rumor em entrevista para a <a href=\"https:\/\/www.loudersound.com\/bands-artists\/it-reminded-me-of-discovering-deep-purple-when-i-was-15-years-old-except-updated-everything-was-really-pushing-forwards-bruce-dickinson-reveals-the-pau-dianno-song-that-convinced-him-to-join-iron-maiden\" target=\"_blank\" rel=\"noreferrer noopener nofollow\">Metal Hammer<\/a>:<\/p>\n<p>\u201cCar*lho, n\u00e3o, isso \u00e9 besteira da internet. O Samson gravou <strong>\u2018Shock Tactics\u2019<\/strong> (1981) no mesmo est\u00fadio em que o Maiden gravou <strong>\u2018Killers\u2019<\/strong> (1981). Tinha um bar e todos n\u00f3s \u00edamos l\u00e1 juntos.\u201d<\/p>\n<p>Os dois \u00e1lbuns citados por Dickinson marcam as despedidas dos vocalistas de suas respectivas bandas. \u201cShock Tactics\u201d foi o segundo e \u00faltimo disco do Samsom com <strong>\u201cBruce Bruce\u201d<\/strong> \u2013 como era conhecido na \u00e9poca \u2013 nos vocais, enquanto \u201cKillers\u201d tamb\u00e9m foi o segundo e \u00faltimo do Maiden junto a Paul.<\/p>\n<p> O reencontro de Bruce Dickinson e Paul Di\u2019Anno <\/p>\n<p>De qualquer forma, o encontro em Zagreb foi o primeiro de Bruce Dickinson e Paul Di\u2019Anno em muitos anos. E houve quem ficasse apreensivo para a reuni\u00e3o, com medo de algum desentendimento. Dickinson relembrou o ocorrido:<\/p>\n<p>\u201cNa noite em que ele veio ao show do Maiden em Zagreb, todo mundo estava (com medo): \u2018voc\u00ea quer ver o Paul?\u2019 e eu disse: \u2018por que diabos eu n\u00e3o iria querer? \u00c9 claro que eu quero v\u00ea-lo\u2019.\u201d<\/p>\n<p>Paul Di\u2019Anno faleceu apenas alguns meses depois. Os \u00faltimos anos do cantor foram dif\u00edceis, com problemas de sa\u00fade, melhoras e reca\u00eddas. Suas \u00faltimas apresenta\u00e7\u00f5es aconteceram com ele em uma cadeira de rodas e dificuldade de locomo\u00e7\u00e3o.<\/p>\n<p><strong>Clique<\/strong> para seguir IgorMiranda.com.br no: <a href=\"https:\/\/instagram.com\/igormirandasite\" target=\"_blank\" rel=\"noreferrer noopener nofollow\">Instagram<\/a> | <a href=\"https:\/\/bsky.app\/profile\/igormirandasite.bsky.social\" target=\"_blank\" rel=\"noreferrer noopener nofollow\">Bluesky<\/a> | <a href=\"https:\/\/twitter.com\/igormirandasite\" target=\"_blank\" rel=\"noreferrer noopener nofollow\">Twitter<\/a> | <a href=\"https:\/\/tiktok.com\/@igormirandasite\" target=\"_blank\" rel=\"noreferrer noopener nofollow\">TikTok<\/a> | <a href=\"https:\/\/facebook.com\/igormirandasite\" target=\"_blank\" rel=\"noreferrer noopener nofollow\">Facebook<\/a> | <a href=\"https:\/\/www.youtube.com\/igormirandasite\" target=\"_blank\" rel=\"noreferrer noopener nofollow\">YouTube<\/a> | <a href=\"https:\/\/www.threads.net\/@igormirandasite\" target=\"_blank\" rel=\"noreferrer noopener nofollow\">Threads<\/a>.<\/p>\n<p> <script async src=\"https:\/\/platform.twitter.com\/widgets.js\" charset=\"utf-8\"><\/script><script async src=\"\/\/www.instagram.com\/embed.js\"><\/script><script async src=\"\/\/www.tiktok.com\/embed.js\"><\/script><\/p>\n","protected":false},"excerpt":{"rendered":"Em 1981, o vocalista Paul Di\u2019Anno foi demitido do Iron Maiden e substitu\u00eddo pelo ent\u00e3o frontman do Samson,&hellip;\n","protected":false},"author":2,"featured_media":107804,"comment_status":"","ping_status":"","sticky":false,"template":"","format":"standard","meta":{"footnotes":""},"categories":[141],"tags":[4724,114,115,3543,149,150,25787,32,33],"class_list":{"0":"post-107803","1":"post","2":"type-post","3":"status-publish","4":"format-standard","5":"has-post-thumbnail","7":"category-musica","8":"tag-bruce-dickinson","9":"tag-entertainment","10":"tag-entretenimento","11":"tag-iron-maiden","12":"tag-music","13":"tag-musica","14":"tag-paul-dianno","15":"tag-portugal","16":"tag-pt"},"share_on_mastodon":{"url":"","error":""},"_links":{"self":[{"href":"https:\/\/www.europesays.com\/pt\/wp-json\/wp\/v2\/posts\/107803","targetHints":{"allow":["GET"]}}],"collection":[{"href":"https:\/\/www.europesays.com\/pt\/wp-json\/wp\/v2\/posts"}],"about":[{"href":"https:\/\/www.europesays.com\/pt\/wp-json\/wp\/v2\/types\/post"}],"author":[{"embeddable":true,"href":"https:\/\/www.europesays.com\/pt\/wp-json\/wp\/v2\/users\/2"}],"replies":[{"embeddable":true,"href":"https:\/\/www.europesays.com\/pt\/wp-json\/wp\/v2\/comments?post=107803"}],"version-history":[{"count":0,"href":"https:\/\/www.europesays.com\/pt\/wp-json\/wp\/v2\/posts\/107803\/revisions"}],"wp:featuredmedia":[{"embeddable":true,"href":"https:\/\/www.europesays.com\/pt\/wp-json\/wp\/v2\/media\/107804"}],"wp:attachment":[{"href":"https:\/\/www.europesays.com\/pt\/wp-json\/wp\/v2\/media?parent=107803"}],"wp:term":[{"taxonomy":"category","embeddable":true,"href":"https:\/\/www.europesays.com\/pt\/wp-json\/wp\/v2\/categories?post=107803"},{"taxonomy":"post_tag","embeddable":true,"href":"https:\/\/www.europesays.com\/pt\/wp-json\/wp\/v2\/tags?post=107803"}],"curies":[{"name":"wp","href":"https:\/\/api.w.org\/{rel}","templated":true}]}}