{"id":107816,"date":"2025-10-12T16:01:20","date_gmt":"2025-10-12T16:01:20","guid":{"rendered":"https:\/\/www.europesays.com\/pt\/107816\/"},"modified":"2025-10-12T16:01:20","modified_gmt":"2025-10-12T16:01:20","slug":"filho-de-tina-turner-morre-aos-67-anos-mundo-e-ciencia","status":"publish","type":"post","link":"https:\/\/www.europesays.com\/pt\/107816\/","title":{"rendered":"Filho de Tina Turner morre aos 67 anos | Mundo e Ci\u00eancia"},"content":{"rendered":"<p>Ike Turner Jr., filho dos m\u00fasicos Tina Turner e Ike Turner, morreu aos 67 anos no \u00faltimo s\u00e1bado (4), um dia ap\u00f3s comemorar seu anivers\u00e1rio. Segundo o site TMZ, a causa da morte foi insufici\u00eancia renal. O artista enfrentava problemas card\u00edacos h\u00e1 anos e faleceu em um hospital de Los Angeles, na Calif\u00f3rnia.<\/p>\n<p>A informa\u00e7\u00e3o foi confirmada ao jornal norte-americano &#8220;Washington Post&#8221; por Jacqueline Bullock, sobrinha de Tina Turner.<\/p>\n<p>&#8220;\u00c9 com grande tristeza que anunciamos o falecimento do meu primo, Ike Turner Jr.&#8221;, declarou Bullock. &#8220;Era mais do que um primo para mim. Ele era como um irm\u00e3o, j\u00e1 que crescemos juntos na mesma casa&#8221;, completou.<\/p>\n<p>Seguindo os passos dos pais, Ike Jr. se dedicou \u00e0 m\u00fasica e chegou a trabalhar com Tina Turner em diversos projetos. Ele tamb\u00e9m foi vencedor do Grammy de 2006 pelo \u00e1lbum &#8220;Risin\u2019 with the Blues&#8221;, de seu pai, Ike Turner Sr. Na ocasi\u00e3o, Ike atuou como produtor.<\/p>\n<p>&#8220;Como filho de Tina e Ike Turner, desde cedo seus talentos eram evidentes, pois n\u00e3o havia um instrumento que ele n\u00e3o quisesse tocar. Embora ele gostasse da bateria desde cedo, minha tia e sua m\u00e3e, Tina Turner, insistiam que ele desmontasse sua bateria ap\u00f3s cada ensaio. Isso o levou a preferir as teclas. Com o tempo, Junior acabaria ajudando a administrar o Bolic Sound Studios, o est\u00fadio de grava\u00e7\u00e3o fundado por seu pai&#8221;, acrescentou Bullock.<\/p>\n<p>&#8220;Embora tenha enfrentado os mesmos desafios que muitos de n\u00f3s, ele se tornaria um requisitado engenheiro de som, m\u00fasico e vencedor do Grammy de Melhor \u00c1lbum de Blues Tradicional em 2007 por Risin\u2019 With The Blues, de seu pai&#8221;, destacou ela.<\/p>\n","protected":false},"excerpt":{"rendered":"Ike Turner Jr., filho dos m\u00fasicos Tina Turner e Ike Turner, morreu aos 67 anos no \u00faltimo s\u00e1bado&hellip;\n","protected":false},"author":2,"featured_media":107817,"comment_status":"","ping_status":"","sticky":false,"template":"","format":"standard","meta":{"footnotes":""},"categories":[141],"tags":[114,115,25792,1437,149,150,32,33,25793],"class_list":{"0":"post-107816","1":"post","2":"type-post","3":"status-publish","4":"format-standard","5":"has-post-thumbnail","7":"category-musica","8":"tag-entertainment","9":"tag-entretenimento","10":"tag-ike-turner-jr","11":"tag-morte","12":"tag-music","13":"tag-musica","14":"tag-portugal","15":"tag-pt","16":"tag-tina-turner"},"share_on_mastodon":{"url":"","error":""},"_links":{"self":[{"href":"https:\/\/www.europesays.com\/pt\/wp-json\/wp\/v2\/posts\/107816","targetHints":{"allow":["GET"]}}],"collection":[{"href":"https:\/\/www.europesays.com\/pt\/wp-json\/wp\/v2\/posts"}],"about":[{"href":"https:\/\/www.europesays.com\/pt\/wp-json\/wp\/v2\/types\/post"}],"author":[{"embeddable":true,"href":"https:\/\/www.europesays.com\/pt\/wp-json\/wp\/v2\/users\/2"}],"replies":[{"embeddable":true,"href":"https:\/\/www.europesays.com\/pt\/wp-json\/wp\/v2\/comments?post=107816"}],"version-history":[{"count":0,"href":"https:\/\/www.europesays.com\/pt\/wp-json\/wp\/v2\/posts\/107816\/revisions"}],"wp:featuredmedia":[{"embeddable":true,"href":"https:\/\/www.europesays.com\/pt\/wp-json\/wp\/v2\/media\/107817"}],"wp:attachment":[{"href":"https:\/\/www.europesays.com\/pt\/wp-json\/wp\/v2\/media?parent=107816"}],"wp:term":[{"taxonomy":"category","embeddable":true,"href":"https:\/\/www.europesays.com\/pt\/wp-json\/wp\/v2\/categories?post=107816"},{"taxonomy":"post_tag","embeddable":true,"href":"https:\/\/www.europesays.com\/pt\/wp-json\/wp\/v2\/tags?post=107816"}],"curies":[{"name":"wp","href":"https:\/\/api.w.org\/{rel}","templated":true}]}}