{"id":107818,"date":"2025-10-12T16:02:12","date_gmt":"2025-10-12T16:02:12","guid":{"rendered":"https:\/\/www.europesays.com\/pt\/107818\/"},"modified":"2025-10-12T16:02:12","modified_gmt":"2025-10-12T16:02:12","slug":"a-mulher-na-cabine-10-suspense-impossivel-de-largar-antes-do-fim","status":"publish","type":"post","link":"https:\/\/www.europesays.com\/pt\/107818\/","title":{"rendered":"&#8216;A Mulher na Cabine 10&#8217;: suspense imposs\u00edvel de largar antes do fim"},"content":{"rendered":"<p style=\"text-align: justify;\">H\u00e1 filmes pelos quais voc\u00ea n\u00e3o d\u00e1 nada pelo trailer e que acabam surpreendendo ao serem lan\u00e7ados, enquanto os mais aguardados lan\u00e7amentos arrasa-quarteir\u00f5es do ano podem se revelar bem decepcionantes. \u00c9 revigorante perceber que o primeiro caso \u00e9 o de <strong>A Mulher na Cabine 10<\/strong>, <a style=\"color: #ff0000;\" href=\"https:\/\/cineset.com.br\/?s=PLANO+DE+VOO\" target=\"_blank\" rel=\"noopener nofollow\"><strong>suspense<\/strong><\/a> adaptado do livro hom\u00f4nimo de Ruth Ware.\u00a0<\/p>\n<p style=\"text-align: justify;\">No longa, a jornalista Laura Blacklock, vivida muito bem por <strong>Keira Knightley<\/strong>, decide que, ap\u00f3s um intenso e desgastante trabalho investigativo anterior, \u00e9 uma boa hora para mat\u00e9rias mais leves e que restaurem a f\u00e9 na humanidade. Nas novas pautas est\u00e1 a viagem inaugural filantr\u00f3pica de um luxuoso cruzeiro pelo Mar do Norte chamado Aurora Boreal, em que uma empres\u00e1ria com leucemia decide fazer uma arrecada\u00e7\u00e3o para pacientes com c\u00e2ncer. O sossego da protagonista termina quando Laura presencia, sozinha, o homic\u00eddio de algu\u00e9m que viria da referida cabine do t\u00edtulo da obra, a qual todos dizem estar desocupada.<\/p>\n<p style=\"text-align: justify;\">Com esta trama, imposs\u00edvel n\u00e3o lembrar de Plano de Voo, estrelado por Jodie Foster em seus tempos \u00e1ureos de filmes de suspense. A Mulher na Cabine 10, entretanto, mostra-se at\u00e9 mais eficiente por estabelecer os passageiros de modo que inicialmente estejam acima de qualquer suspeita. O longa tamb\u00e9m cria momentos bem veross\u00edmeis de mist\u00e9rio que envolvem n\u00e3o s\u00f3 a identidade da suposta v\u00edtima, como tamb\u00e9m do assassino, mesclando muito bem o estabelecimento de uma figura misteriosa com uma quest\u00e3o despretensiosa da vida pessoal de Laura, relacionada a seu ex-namorado. Ali\u00e1s, foi ele quem convidou a nossa hero\u00edna para a viagem e, veja s\u00f3, est\u00e1 a bordo. Desta forma, a trama amarra acontecimentos de forma surpreendentemente criativa.<\/p>\n<p><a href=\"https:\/\/www.europesays.com\/pt\/wp-content\/uploads\/2025\/10\/Critica-A-Mulher-na-Cabine-10-2.jpg\"><img fetchpriority=\"high\" decoding=\"async\" class=\"aligncenter size-full wp-image-115529\" src=\"https:\/\/www.europesays.com\/pt\/wp-content\/uploads\/2025\/10\/Critica-A-Mulher-na-Cabine-10-2.jpg\" alt=\"\" width=\"800\" height=\"450\"  \/><\/a><\/p>\n<p style=\"text-align: justify;\">Keira Knightley transmite toda a agonia, surpresa e dedica\u00e7\u00e3o de forma sempre estimulante da protagonista. Nisso tamb\u00e9m se destacam os figurinos que ela passa a usar em alto-mar (trabalho not\u00e1vel de Eimer N\u00ed\u00a0 Mhaoldomhnaigh), sempre blusas com mangas longas e cal\u00e7as compridas ou mesmo su\u00e9teres. As roupas conferem \u00e0 personagem um ar vulner\u00e1vel e inseguro, como se quisesse sempre se cobrir n\u00e3o s\u00f3 do frio intenso do lugar como tamb\u00e9m do perigo que parece sempre cerc\u00e1-la.\u00a0<\/p>\n<p style=\"text-align: justify;\">A fotografia de Ben Davis quase sempre acinzentada e azulada, de ilumina\u00e7\u00e3o sempre suave e, por vezes, escassa traz um aspecto pouco convidativo \u00e0s paisagens e uma atmosfera cavernosa ao navio, sugerindo sempre um car\u00e1ter obscuro por tr\u00e1s de tanto poder e opul\u00eancia dos passageiros e, principalmente, dos donos do navio. \u00c9 uma pena, por\u00e9m, que n\u00e3o haja uma diversifica\u00e7\u00e3o no uso crom\u00e1tico e em contrastes visuais ao longo da proje\u00e7\u00e3o. O destaque maior mesmo fica por conta do trabalho de maquiagem de Jenny Shircore pelo uso important\u00edssimo que diz respeito \u00e0 identidade da v\u00edtima e da figura misteriosa mencionada anteriormente. O recurso carrega um plot twist memor\u00e1vel, cujo efeito s\u00f3 \u00e9 poss\u00edvel gra\u00e7as a inacredit\u00e1vel qualidade, que pode fazer at\u00e9 mesmo o espectador duvidar da pr\u00f3pria percep\u00e7\u00e3o visual, confus\u00e3o essa pretendida pelo filme.\u00a0<\/p>\n<p style=\"text-align: justify;\">A conclus\u00e3o do enigma e do arco das personagens, junto \u00e0 engenhosidade da trama, sem se ancorar em suspens\u00f5es de descren\u00e7a question\u00e1veis, como pode ocorre a algumas obras do g\u00eanero, \u00e9 bastante satisfat\u00f3ria. A Mulher na Cabine 10 demonstra que, por mais apenas funcional que seja a dire\u00e7\u00e3o de Simon Stone, sem grandes escolhas criativas em termos de movimentos de c\u00e2mera e de enquadramentos, o mais importante \u00e9 que se entregue ao espectador uma hist\u00f3ria aut\u00eantica e instigante, com uma protagonista carism\u00e1tica com aquele \u201cdoce\u201d clima noturno de um filme que voc\u00ea assistiria tomando um chocolate quente em um s\u00e1bado \u00e0 noite no melhor estilo Supercine.\u00a0<\/p>\n<p><a href=\"https:\/\/www.europesays.com\/pt\/wp-content\/uploads\/2025\/10\/Critica-A-MULHER-NA-CABINE-10-1.jpg\"><img loading=\"lazy\" decoding=\"async\" class=\"aligncenter size-full wp-image-115530\" src=\"https:\/\/www.europesays.com\/pt\/wp-content\/uploads\/2025\/10\/Critica-A-MULHER-NA-CABINE-10-1.jpg\" alt=\"\" width=\"1000\" height=\"400\"  \/><\/a><\/p>\n<ul class=\"pp-multiple-authors-boxes-ul author-ul-0\">\n<li class=\"pp-multiple-authors-boxes-li author_index_0 author_fabio-reis has-avatar\">\n<img loading=\"lazy\" decoding=\"async\" alt=\"\" src=\"https:\/\/www.europesays.com\/pt\/wp-content\/uploads\/2025\/09\/545781502_1341399514314106_6327461134207171344_n.jpg\"  class=\"multiple_authors_guest_author_avatar avatar\" height=\"80\" width=\"80\"\/><\/p>\n<p class=\"pp-author-boxes-description multiple-authors-description author-description-0\">\nFormado em Design pela Universidade Federal do Amazonas. Designer Gr\u00e1fico e ilustrador, encontrou nas anima\u00e7\u00f5es de cinema e TV que via na inf\u00e2ncia o amor pelo Audiovisual. Roteirista, editor, artista de storyboard e diretor, trabalhou em curtas e m\u00e9dias-metragens locais. Tamb\u00e9m j\u00e1 deu as caras como coralista e ator de teatro musical.Quando n\u00e3o est\u00e1 produzindo filmes, ama falar sobre eles. Escrevia sobre cinema em blogs pessoais e eventualmente produz v\u00eddeos para o YouTube atrav\u00e9s de seu canal de cultura pop, o Nerdtown, onde expressa sua nerdice e cinefilia, analisando e teorizando filmes, s\u00e9ries e anima\u00e7\u00f5es preferidas, al\u00e9m de quadrinhos. F\u00e3 \u00e1rduo da saga Star Wars.<\/p>\n<p><a href=\"https:\/\/cineset.com.br\/author\/fabio-reis\/\" title=\"Ver todos os posts\" rel=\"nofollow noopener\" target=\"_blank\"><br \/>\nVer todos os posts<br \/>\n<\/a><\/p>\n<p><a class=\"ppma-author-user_email-profile-data ppma-author-field-meta ppma-author-field-type-email\" aria-label=\"E-mail\" href=\"http:\/\/cineset.com.br\/cdn-cgi\/l\/email-protection#d8bebaf6aabdb1abeae8e9e898bfb5b9b1b4f6bbb7b5\" target=\"_self\" rel=\"nofollow noopener\"> <\/a><\/li>\n<\/ul>\n","protected":false},"excerpt":{"rendered":"H\u00e1 filmes pelos quais voc\u00ea n\u00e3o d\u00e1 nada pelo trailer e que acabam surpreendendo ao serem lan\u00e7ados, enquanto&hellip;\n","protected":false},"author":2,"featured_media":107819,"comment_status":"","ping_status":"","sticky":false,"template":"","format":"standard","meta":{"footnotes":""},"categories":[140],"tags":[23699,114,115,147,148,23711,146,716,32,33,23715],"class_list":{"0":"post-107818","1":"post","2":"type-post","3":"status-publish","4":"format-standard","5":"has-post-thumbnail","7":"category-filmes","8":"tag-a-mulher-na-cabine-10","9":"tag-entertainment","10":"tag-entretenimento","11":"tag-film","12":"tag-filmes","13":"tag-keira-knightley","14":"tag-movies","15":"tag-netflix","16":"tag-portugal","17":"tag-pt","18":"tag-simon-stone"},"share_on_mastodon":{"url":"","error":""},"_links":{"self":[{"href":"https:\/\/www.europesays.com\/pt\/wp-json\/wp\/v2\/posts\/107818","targetHints":{"allow":["GET"]}}],"collection":[{"href":"https:\/\/www.europesays.com\/pt\/wp-json\/wp\/v2\/posts"}],"about":[{"href":"https:\/\/www.europesays.com\/pt\/wp-json\/wp\/v2\/types\/post"}],"author":[{"embeddable":true,"href":"https:\/\/www.europesays.com\/pt\/wp-json\/wp\/v2\/users\/2"}],"replies":[{"embeddable":true,"href":"https:\/\/www.europesays.com\/pt\/wp-json\/wp\/v2\/comments?post=107818"}],"version-history":[{"count":0,"href":"https:\/\/www.europesays.com\/pt\/wp-json\/wp\/v2\/posts\/107818\/revisions"}],"wp:featuredmedia":[{"embeddable":true,"href":"https:\/\/www.europesays.com\/pt\/wp-json\/wp\/v2\/media\/107819"}],"wp:attachment":[{"href":"https:\/\/www.europesays.com\/pt\/wp-json\/wp\/v2\/media?parent=107818"}],"wp:term":[{"taxonomy":"category","embeddable":true,"href":"https:\/\/www.europesays.com\/pt\/wp-json\/wp\/v2\/categories?post=107818"},{"taxonomy":"post_tag","embeddable":true,"href":"https:\/\/www.europesays.com\/pt\/wp-json\/wp\/v2\/tags?post=107818"}],"curies":[{"name":"wp","href":"https:\/\/api.w.org\/{rel}","templated":true}]}}