{"id":107825,"date":"2025-10-12T16:10:48","date_gmt":"2025-10-12T16:10:48","guid":{"rendered":"https:\/\/www.europesays.com\/pt\/107825\/"},"modified":"2025-10-12T16:10:48","modified_gmt":"2025-10-12T16:10:48","slug":"alice-alves-revela-novidades-para-a-gala-do-secret-story-deste-domingo-12-de-outubro","status":"publish","type":"post","link":"https:\/\/www.europesays.com\/pt\/107825\/","title":{"rendered":"Alice Alves revela novidades para a gala do Secret Story deste domingo [12 de outubro]"},"content":{"rendered":"<p>\t\t\t\t\t\t\t\t\t\t\t\t<a href=\"#\" onclick=\"window.open('http:\/\/www.facebook.com\/sharer.php?u=https:\/\/cusquices.com\/alice-alves-revela-novidades-para-a-gala-do-secret-story-deste-domingo-12-de-outubro\/&amp;t=Alice Alves revela novidades para a gala do Secret Story deste domingo [12 de outubro]', 'facebookShare', 'width=626,height=436'); return false;\" title=\"Share on Facebook\"><\/p>\n<p>Share<\/p>\n<p><\/a><br \/>\n\t\t\t\t\t\t\t\t\t\t\t\t<a href=\"#\" onclick=\"window.open('http:\/\/twitter.com\/share?text=Alice Alves revela novidades para a gala do Secret Story deste domingo [12 de outubro] -&amp;url=https:\/\/cusquices.com\/alice-alves-revela-novidades-para-a-gala-do-secret-story-deste-domingo-12-de-outubro\/', 'twitterShare', 'width=626,height=436'); return false;\" title=\"Tweet This Post\"><\/p>\n<p>Tweet<\/p>\n<p><\/a><br \/>\n\t\t\t\t\t\t\t\t\t\t\t\t<a href=\"whatsapp:\/\/send?text=Alice Alves revela novidades para a gala do Secret Story deste domingo [12 de outubro] https:\/\/cusquices.com\/alice-alves-revela-novidades-para-a-gala-do-secret-story-deste-domingo-12-de-outubro\/\" rel=\"nofollow\"><\/p>\n<p>Share<\/p>\n<p><\/a><br \/>\n\t\t\t\t\t\t\t\t\t\t\t\t<a href=\"#\" onclick=\"window.open('http:\/\/pinterest.com\/pin\/create\/button\/?url=https:\/\/cusquices.com\/alice-alves-revela-novidades-para-a-gala-do-secret-story-deste-domingo-12-de-outubro\/&amp;media=https:\/\/cusquices.com\/wp-content\/uploads\/2025\/10\/alicealves-1000x600.jpg&amp;description=Alice Alves revela novidades para a gala do Secret Story deste domingo [12 de outubro]', 'pinterestShare', 'width=750,height=350'); return false;\" title=\"Pin This Post\"><\/p>\n<p>Share<\/p>\n<p><\/a><br \/>\n\t\t\t\t\t\t\t\t\t\t\t\t<a href=\"mailto:?subject=Alice Alves revela novidades para a gala do Secret Story deste domingo [12 de outubro]&amp;BODY=I found this article interesting and thought of sharing it with you. Check it out: https:\/\/cusquices.com\/alice-alves-revela-novidades-para-a-gala-do-secret-story-deste-domingo-12-de-outubro\/\"><\/p>\n<p>Email<\/p>\n<p><\/a><br \/>\n\t\t\t\t\t\t\t\t\t\t\t\t\t\t\t\t\t\t\t\t\t\t\t\t\t\t\t\t\t\t\t\t\t\t\t\t\t\t\t\t\t\t\t\t\t\t\t\t\t\t\t\t\t<a href=\"https:\/\/cusquices.com\/alice-alves-revela-novidades-para-a-gala-do-secret-story-deste-domingo-12-de-outubro\/#respond\" rel=\"nofollow noopener\" target=\"_blank\"><\/p>\n<p>Alice Alves levantou a ponta do v\u00e9u e revelou algumas das novidades da gala de amanh\u00e3.<\/p>\n<p><strong>Alice Alves<\/strong>\u00a0conduziu esta tarde,11 de outubro, um\u00a0<strong>Di\u00e1rio Especial do Secret Story\u00a0<\/strong>que contou com a presen\u00e7a de\u00a0<strong>Isabel Figueira, Adriano Silva Martins e Diana Lopes\u00a0<\/strong>para comentarem os \u00faltimos acontecimentos da casa mais vigiada do pa\u00eds. <\/p>\n<p>J\u00e1 na reta final da emiss\u00e3o, Alice Alves, levantou a ponta do v\u00e9u e revelou algumas novidades sobre a gala do reality show deste domingo.<\/p>\n<p><strong>\u201cAmanh\u00e3 \u00e9 domingo e a Cristina Ferreira volta a comandar a gala e promete baralhar tudo outra vez. Uma nova pista vai entrar na casa e temos a Ana, a Ana Cristina, o Dylan, o F\u00e1bio, o Leandro ou a L\u00eddia, um deles \u00e9 expulso amanh\u00e3. E ainda uma imunidade e uma nomea\u00e7\u00e3o direta em jogo. Pois \u00e9, est\u00e1 tudo apostos para uma noite de muitas surpresas.\u201d<\/strong>, revelou a apresentadora.<\/p>\n<p>Pode ver o<a href=\"https:\/\/tvi.iol.pt\/secretstory\/videos\/surpresa-alice-alves-faz-revelacoes-ineditas-sobre-a-gala-de-amanha-e-ninguem-esta-preparado\/68ea8d6d0cf29d28d828d128\" target=\"_blank\" rel=\"noreferrer noopener nofollow\"> momento aqui.<\/a><\/p>\n<p><strong>Leia tamb\u00e9m:<\/strong><\/p>\n<p>\t\t\t\t\t\t\t\t\t\t\t\t\t\t\t\t\t\t\t\t\t\t\t\t\t<img decoding=\"async\" src=\"https:\/\/www.europesays.com\/pt\/wp-content\/uploads\/2025\/10\/cusquices-logo-52x.png\" class=\"webpexpress-processed\"\/><\/p>\n<p>\t\t\t\t\t\t\t\t\t\t\t\t\t\t\t\t\t\t\t\t\t            \t\t\t\t\t\t\t\t\t\t\t\t\t\t\t\t\t\t\t\t\t\t\t\t\t\t\t\t\t\t\t\t\t\t\t\t\t\t\t<script async src=\"https:\/\/platform.twitter.com\/widgets.js\" charset=\"utf-8\"><\/script><\/p>\n","protected":false},"excerpt":{"rendered":"Share Tweet Share Share Email Alice Alves levantou a ponta do v\u00e9u e revelou algumas das novidades da&hellip;\n","protected":false},"author":2,"featured_media":107826,"comment_status":"","ping_status":"","sticky":false,"template":"","format":"standard","meta":{"footnotes":""},"categories":[8],"tags":[27,28,2632,49,15,16,14,25,26,21,22,12,13,19,20,32,23,24,33,17,18,29,30,31],"class_list":{"0":"post-107825","1":"post","2":"type-post","3":"status-publish","4":"format-standard","5":"has-post-thumbnail","7":"category-principais-noticias","8":"tag-breaking-news","9":"tag-breakingnews","10":"tag-casa-dos-segredos","11":"tag-destaques","12":"tag-featured-news","13":"tag-featurednews","14":"tag-headlines","15":"tag-latest-news","16":"tag-latestnews","17":"tag-main-news","18":"tag-mainnews","19":"tag-news","20":"tag-noticias","21":"tag-noticias-principais","22":"tag-noticiasprincipais","23":"tag-portugal","24":"tag-principais-noticias","25":"tag-principaisnoticias","26":"tag-pt","27":"tag-top-stories","28":"tag-topstories","29":"tag-ultimas","30":"tag-ultimas-noticias","31":"tag-ultimasnoticias"},"share_on_mastodon":{"url":"","error":""},"_links":{"self":[{"href":"https:\/\/www.europesays.com\/pt\/wp-json\/wp\/v2\/posts\/107825","targetHints":{"allow":["GET"]}}],"collection":[{"href":"https:\/\/www.europesays.com\/pt\/wp-json\/wp\/v2\/posts"}],"about":[{"href":"https:\/\/www.europesays.com\/pt\/wp-json\/wp\/v2\/types\/post"}],"author":[{"embeddable":true,"href":"https:\/\/www.europesays.com\/pt\/wp-json\/wp\/v2\/users\/2"}],"replies":[{"embeddable":true,"href":"https:\/\/www.europesays.com\/pt\/wp-json\/wp\/v2\/comments?post=107825"}],"version-history":[{"count":0,"href":"https:\/\/www.europesays.com\/pt\/wp-json\/wp\/v2\/posts\/107825\/revisions"}],"wp:featuredmedia":[{"embeddable":true,"href":"https:\/\/www.europesays.com\/pt\/wp-json\/wp\/v2\/media\/107826"}],"wp:attachment":[{"href":"https:\/\/www.europesays.com\/pt\/wp-json\/wp\/v2\/media?parent=107825"}],"wp:term":[{"taxonomy":"category","embeddable":true,"href":"https:\/\/www.europesays.com\/pt\/wp-json\/wp\/v2\/categories?post=107825"},{"taxonomy":"post_tag","embeddable":true,"href":"https:\/\/www.europesays.com\/pt\/wp-json\/wp\/v2\/tags?post=107825"}],"curies":[{"name":"wp","href":"https:\/\/api.w.org\/{rel}","templated":true}]}}