{"id":107829,"date":"2025-10-12T16:14:08","date_gmt":"2025-10-12T16:14:08","guid":{"rendered":"https:\/\/www.europesays.com\/pt\/107829\/"},"modified":"2025-10-12T16:14:08","modified_gmt":"2025-10-12T16:14:08","slug":"apos-mudanca-radical-no-rosto-carolina-braga-e-criticada-e-responde-a-letra","status":"publish","type":"post","link":"https:\/\/www.europesays.com\/pt\/107829\/","title":{"rendered":"Ap\u00f3s mudan\u00e7a radical no rosto, Carolina Braga \u00e9 criticada&#8230; e responde \u00e0 letra!"},"content":{"rendered":"<p><a href=\"https:\/\/selfie.iol.pt\/famosos\/big-brother\/longe-de-lisboa-carolina-braga-cumplice-de-homem-especial\/20250921\/68cfc999d34ee0c2fed057c4\" target=\"_blank\" rel=\"nofollow noopener\">Carolina Braga<\/a> foi uma das figuras p\u00fablicas que marcaram presen\u00e7a na edi\u00e7\u00e3o mais recente da ModaLisboa. E, no Instagram, a finalista do &#8220;<a href=\"https:\/\/tvi.iol.pt\/bigbrother\/\" target=\"_blank\" rel=\"nofollow noopener\">Big Brother 2025<\/a>&#8221; fez quest\u00e3o de destacar uma mudan\u00e7a dr\u00e1stica no rosto, surgindo maquilhada, o que lhe tem valido algumas cr\u00edticas.<\/p>\n<p>&#8220;Dizem que \u00e9 muita maquilhagem e que est\u00e1 muito carregada, eu continuo a achar que quem est\u00e1 carregada \u00e9 a Babi [a maquilhadora]\u2026 de talento! Muito obrigada, \u00e9s incr\u00edvel&#8221;, assinalou Carolina Braga, na legenda de uma fotografia da transforma\u00e7\u00e3o.<\/p>\n<p>Veja, agora, a imagem partilhada por Carolina Braga na galeria de fotografias que prepar\u00e1mos para si.<\/p>\n","protected":false},"excerpt":{"rendered":"Carolina Braga foi uma das figuras p\u00fablicas que marcaram presen\u00e7a na edi\u00e7\u00e3o mais recente da ModaLisboa. E, no&hellip;\n","protected":false},"author":2,"featured_media":32550,"comment_status":"","ping_status":"","sticky":false,"template":"","format":"standard","meta":{"footnotes":""},"categories":[142],"tags":[48,2072,114,115,980,1015,17288,619,32,33,1014,22313,1012,151,162],"class_list":{"0":"post-107829","1":"post","2":"type-post","3":"status-publish","4":"format-standard","5":"has-post-thumbnail","7":"category-tv","8":"tag-big-brother","9":"tag-carolina-braga","10":"tag-entertainment","11":"tag-entretenimento","12":"tag-famosos","13":"tag-instagram","14":"tag-maquilhagem","15":"tag-nacional","16":"tag-portugal","17":"tag-pt","18":"tag-reality-show","19":"tag-rosto","20":"tag-selfie","21":"tag-tv","22":"tag-tvi"},"share_on_mastodon":{"url":"","error":""},"_links":{"self":[{"href":"https:\/\/www.europesays.com\/pt\/wp-json\/wp\/v2\/posts\/107829","targetHints":{"allow":["GET"]}}],"collection":[{"href":"https:\/\/www.europesays.com\/pt\/wp-json\/wp\/v2\/posts"}],"about":[{"href":"https:\/\/www.europesays.com\/pt\/wp-json\/wp\/v2\/types\/post"}],"author":[{"embeddable":true,"href":"https:\/\/www.europesays.com\/pt\/wp-json\/wp\/v2\/users\/2"}],"replies":[{"embeddable":true,"href":"https:\/\/www.europesays.com\/pt\/wp-json\/wp\/v2\/comments?post=107829"}],"version-history":[{"count":0,"href":"https:\/\/www.europesays.com\/pt\/wp-json\/wp\/v2\/posts\/107829\/revisions"}],"wp:featuredmedia":[{"embeddable":true,"href":"https:\/\/www.europesays.com\/pt\/wp-json\/wp\/v2\/media\/32550"}],"wp:attachment":[{"href":"https:\/\/www.europesays.com\/pt\/wp-json\/wp\/v2\/media?parent=107829"}],"wp:term":[{"taxonomy":"category","embeddable":true,"href":"https:\/\/www.europesays.com\/pt\/wp-json\/wp\/v2\/categories?post=107829"},{"taxonomy":"post_tag","embeddable":true,"href":"https:\/\/www.europesays.com\/pt\/wp-json\/wp\/v2\/tags?post=107829"}],"curies":[{"name":"wp","href":"https:\/\/api.w.org\/{rel}","templated":true}]}}