{"id":107837,"date":"2025-10-12T16:22:15","date_gmt":"2025-10-12T16:22:15","guid":{"rendered":"https:\/\/www.europesays.com\/pt\/107837\/"},"modified":"2025-10-12T16:22:15","modified_gmt":"2025-10-12T16:22:15","slug":"cinco-feridos-incluindo-uma-crianca-apos-helicoptero-se-despenhar-na-california","status":"publish","type":"post","link":"https:\/\/www.europesays.com\/pt\/107837\/","title":{"rendered":"Cinco feridos, incluindo uma crian\u00e7a, ap\u00f3s helic\u00f3ptero se despenhar na Calif\u00f3rnia"},"content":{"rendered":"<p>De acordo com a CBS News, o acidente aconteceu por volta das 14 horas locais. As autoridades avan\u00e7aram \u00e0 televis\u00e3o norte-americana que entre os feridos se encontram duas pessoas que estavam dentro do helic\u00f3ptero e tr\u00eas pedestres. Foram os cinco encaminhados para o hospital.<\/p>\n<p data-remotead-prev-elm=\"true\" data-remotead-elm-id=\"inread\">A pol\u00edcia pediu \u00e0s pessoas que n\u00e3o se aproximassem do local e est\u00e1 agora a investigar o acidente.<\/p>\n<p>Um v\u00eddeo publicado nas redes sociais mostra o helic\u00f3ptero a girar v\u00e1rias vezes antes de colidir com palmeiras e acabar por cair.<\/p>\n<blockquote class=\"twitter-tweet\" data-media-max-width=\"560\">\n<p>Shocking video shows the moment a Bell 222 helicopter crashes in Huntington Beach, California, on Saturday, leaving five people hospitalized.<\/p>\n<p>Law enforcement responded around 2 p.m. to reports of a helicopter going down in a beach parking lot between Twin Dolphins Drive and&#8230; <a href=\"https:\/\/t.co\/QLG6AuYGfv\" rel=\"nofollow\">pic.twitter.com\/QLG6AuYGfv<\/a><\/p>\n<p>&#8211; Breaking Aviation News &amp; Videos (@aviationbrk) <a href=\"https:\/\/twitter.com\/aviationbrk\/status\/1977257124242632726?ref_src=twsrc%5Etfw\" rel=\"nofollow noopener\" target=\"_blank\">October 12, 2025<\/a><\/p><\/blockquote>\n<p>Segundo a CBS, havia mais helic\u00f3pteros perto do local, onde decorria uma &#8220;festa exclusiva de aterragem de helic\u00f3pteros&#8221;, organizada pela MD Helicopters no Offshore 9 Rooftop Lounge, no s\u00e1bado. Os participantes foram convidados a &#8220;assistir \u00e0 chegada dos helic\u00f3pteros a partir de uma vista a\u00e9rea&#8221;, um dia antes do evento principal, &#8220;Cars &#8216;N Copters On the Coast&#8221;, que decorre este domingo.<\/p>\n<p data-remotead-prev-elm=\"true\" data-remotead-elm-id=\"centro2\">Os organizadores afirmaram que o evento n\u00e3o seria cancelado. &#8220;Enviamos as nossas ora\u00e7\u00f5es a todos os envolvidos no infeliz incidente de hoje&#8221;, afirmaram em comunicado. &#8220;O nosso plano, por enquanto, \u00e9 avan\u00e7ar com o evento&#8221;.<\/p>\n<p>As autoridades ainda est\u00e3o a apurar as causas que levaram ao acidente. A Administra\u00e7\u00e3o Federal de Avia\u00e7\u00e3o e o Conselho Nacional de Seguran\u00e7a nos Transportes j\u00e1 foram notificados.<\/p>\n<p data-remotead-prev-elm=\"true\" data-remotead-elm-id=\"centro3\">O helic\u00f3ptero era um Bell 222, equipado com dois motores turboeixo e fabricado em 1980.<\/p>\n<p><script async src=\"https:\/\/platform.twitter.com\/widgets.js\" charset=\"utf-8\"><\/script><\/p>\n","protected":false},"excerpt":{"rendered":"De acordo com a CBS News, o acidente aconteceu por volta das 14 horas locais. As autoridades avan\u00e7aram&hellip;\n","protected":false},"author":2,"featured_media":107838,"comment_status":"","ping_status":"","sticky":false,"template":"","format":"standard","meta":{"footnotes":""},"categories":[50],"tags":[59,27,28,413,15,16,14,25795,25,26,21,22,62,12,13,19,20,23,24,17,18,29,30,31,63,64,65],"class_list":{"0":"post-107837","1":"post","2":"type-post","3":"status-publish","4":"format-standard","5":"has-post-thumbnail","7":"category-mundo","8":"tag-acidente","9":"tag-breaking-news","10":"tag-breakingnews","11":"tag-eua","12":"tag-featured-news","13":"tag-featurednews","14":"tag-headlines","15":"tag-helicoptero","16":"tag-latest-news","17":"tag-latestnews","18":"tag-main-news","19":"tag-mainnews","20":"tag-mundo","21":"tag-news","22":"tag-noticias","23":"tag-noticias-principais","24":"tag-noticiasprincipais","25":"tag-principais-noticias","26":"tag-principaisnoticias","27":"tag-top-stories","28":"tag-topstories","29":"tag-ultimas","30":"tag-ultimas-noticias","31":"tag-ultimasnoticias","32":"tag-world","33":"tag-world-news","34":"tag-worldnews"},"share_on_mastodon":{"url":"","error":""},"_links":{"self":[{"href":"https:\/\/www.europesays.com\/pt\/wp-json\/wp\/v2\/posts\/107837","targetHints":{"allow":["GET"]}}],"collection":[{"href":"https:\/\/www.europesays.com\/pt\/wp-json\/wp\/v2\/posts"}],"about":[{"href":"https:\/\/www.europesays.com\/pt\/wp-json\/wp\/v2\/types\/post"}],"author":[{"embeddable":true,"href":"https:\/\/www.europesays.com\/pt\/wp-json\/wp\/v2\/users\/2"}],"replies":[{"embeddable":true,"href":"https:\/\/www.europesays.com\/pt\/wp-json\/wp\/v2\/comments?post=107837"}],"version-history":[{"count":0,"href":"https:\/\/www.europesays.com\/pt\/wp-json\/wp\/v2\/posts\/107837\/revisions"}],"wp:featuredmedia":[{"embeddable":true,"href":"https:\/\/www.europesays.com\/pt\/wp-json\/wp\/v2\/media\/107838"}],"wp:attachment":[{"href":"https:\/\/www.europesays.com\/pt\/wp-json\/wp\/v2\/media?parent=107837"}],"wp:term":[{"taxonomy":"category","embeddable":true,"href":"https:\/\/www.europesays.com\/pt\/wp-json\/wp\/v2\/categories?post=107837"},{"taxonomy":"post_tag","embeddable":true,"href":"https:\/\/www.europesays.com\/pt\/wp-json\/wp\/v2\/tags?post=107837"}],"curies":[{"name":"wp","href":"https:\/\/api.w.org\/{rel}","templated":true}]}}