{"id":107849,"date":"2025-10-12T16:36:12","date_gmt":"2025-10-12T16:36:12","guid":{"rendered":"https:\/\/www.europesays.com\/pt\/107849\/"},"modified":"2025-10-12T16:36:12","modified_gmt":"2025-10-12T16:36:12","slug":"tribunal-de-recurso-mantem-proibicao-do-envio-de-tropas-para-chicago","status":"publish","type":"post","link":"https:\/\/www.europesays.com\/pt\/107849\/","title":{"rendered":"Tribunal de recurso mant\u00e9m proibi\u00e7\u00e3o do envio de tropas para Chicago"},"content":{"rendered":"<p>A decis\u00e3o tamb\u00e9m d\u00e1 luz verde para que os soldados permane\u00e7am no estado do Illinois, onde se situa Chicago, enquanto a a\u00e7\u00e3o inicial &#8212; apresentada pelos l\u00edderes democratas do estado e da cidade &#8212; decorre num tribunal de primeira inst\u00e2ncia.<\/p>\n<p>A delibera\u00e7\u00e3o do tribunal de recurso foi divulgada menos de dois dias depois de a ju\u00edza federal April Perry ter bloqueado temporariamente o envio dos militares, que partiram do Texas, um estado governado por um republicano ultraconservador, Greg Abbott, aliado de Donald Trump.<\/p>\n<p>A ju\u00edza justificou a sua decis\u00e3o com o facto de n\u00e3o ter encontrado &#8220;qualquer prova cred\u00edvel de que exista perigo de rebeli\u00e3o no estado do Illinois&#8221;, argumento com o qual os representantes do Departamento de Justi\u00e7a tentaram justificar o envio das tropas.<\/p>\n<p>Ap\u00f3s a decis\u00e3o ter sido conhecida, o governador do Illinois, o democrata J.B.Pritzker, escreveu na rede social X: &#8220;Donald Trump n\u00e3o \u00e9 um rei e a sua administra\u00e7\u00e3o n\u00e3o est\u00e1 acima da lei. Hoje, um tribunal confirmou o que j\u00e1 todos sab\u00edamos&#8221;.<\/p>\n<p>Os embates entre o Presidente norte-americano e as autoridades de Chicago escalaram no \u00faltimo m\u00eas, quando teve in\u00edcio a opera\u00e7\u00e3o Midway Blitz, liderada pelo Servi\u00e7o de Imigra\u00e7\u00e3o e Controlo Aduaneiro dos Estados Unidos (ICE, na sigla em ingl\u00eas), como parte de uma s\u00e9rie de opera\u00e7\u00f5es de deten\u00e7\u00f5es e deporta\u00e7\u00f5es em massa de migrantes.<\/p>\n<p>As rusgas do ICE resultaram em m\u00faltiplas deten\u00e7\u00f5es de pessoas de origem latina, com o objetivo de deport\u00e1-las, em conson\u00e2ncia com a dura pol\u00edtica anti-imigra\u00e7\u00e3o da administra\u00e7\u00e3o norte-americana republicana.<\/p>\n<p>Donald Trump tem defendido o uso das tropas federais para conter o que descreveu como &#8220;criminalidade galopante&#8221; nas grandes cidades, mas enfrenta resist\u00eancia judicial e pol\u00edtica de v\u00e1rios estados, que classificaram as medidas como ilegais e excessivas.<\/p>\n<p>Leia Tamb\u00e9m: <a href=\"https:\/\/www.noticiasaominuto.com\/mundo\/2868053\/juiza-suspende-envio-de-tropas-para-chicago-apos-ordem-de-trump\" target=\"_blank\" rel=\"noreferrer noopener nofollow\">Ju\u00edza suspende envio de tropas para Chicago ap\u00f3s ordem de Trump<\/a><\/p>\n","protected":false},"excerpt":{"rendered":"A decis\u00e3o tamb\u00e9m d\u00e1 luz verde para que os soldados permane\u00e7am no estado do Illinois, onde se situa&hellip;\n","protected":false},"author":2,"featured_media":107850,"comment_status":"","ping_status":"","sticky":false,"template":"","format":"standard","meta":{"footnotes":""},"categories":[50],"tags":[27,28,15,16,14,25,26,21,22,62,12,13,19,20,23,24,17,18,29,30,31,63,64,65],"class_list":{"0":"post-107849","1":"post","2":"type-post","3":"status-publish","4":"format-standard","5":"has-post-thumbnail","7":"category-mundo","8":"tag-breaking-news","9":"tag-breakingnews","10":"tag-featured-news","11":"tag-featurednews","12":"tag-headlines","13":"tag-latest-news","14":"tag-latestnews","15":"tag-main-news","16":"tag-mainnews","17":"tag-mundo","18":"tag-news","19":"tag-noticias","20":"tag-noticias-principais","21":"tag-noticiasprincipais","22":"tag-principais-noticias","23":"tag-principaisnoticias","24":"tag-top-stories","25":"tag-topstories","26":"tag-ultimas","27":"tag-ultimas-noticias","28":"tag-ultimasnoticias","29":"tag-world","30":"tag-world-news","31":"tag-worldnews"},"share_on_mastodon":{"url":"","error":""},"_links":{"self":[{"href":"https:\/\/www.europesays.com\/pt\/wp-json\/wp\/v2\/posts\/107849","targetHints":{"allow":["GET"]}}],"collection":[{"href":"https:\/\/www.europesays.com\/pt\/wp-json\/wp\/v2\/posts"}],"about":[{"href":"https:\/\/www.europesays.com\/pt\/wp-json\/wp\/v2\/types\/post"}],"author":[{"embeddable":true,"href":"https:\/\/www.europesays.com\/pt\/wp-json\/wp\/v2\/users\/2"}],"replies":[{"embeddable":true,"href":"https:\/\/www.europesays.com\/pt\/wp-json\/wp\/v2\/comments?post=107849"}],"version-history":[{"count":0,"href":"https:\/\/www.europesays.com\/pt\/wp-json\/wp\/v2\/posts\/107849\/revisions"}],"wp:featuredmedia":[{"embeddable":true,"href":"https:\/\/www.europesays.com\/pt\/wp-json\/wp\/v2\/media\/107850"}],"wp:attachment":[{"href":"https:\/\/www.europesays.com\/pt\/wp-json\/wp\/v2\/media?parent=107849"}],"wp:term":[{"taxonomy":"category","embeddable":true,"href":"https:\/\/www.europesays.com\/pt\/wp-json\/wp\/v2\/categories?post=107849"},{"taxonomy":"post_tag","embeddable":true,"href":"https:\/\/www.europesays.com\/pt\/wp-json\/wp\/v2\/tags?post=107849"}],"curies":[{"name":"wp","href":"https:\/\/api.w.org\/{rel}","templated":true}]}}