{"id":107853,"date":"2025-10-12T16:38:18","date_gmt":"2025-10-12T16:38:18","guid":{"rendered":"https:\/\/www.europesays.com\/pt\/107853\/"},"modified":"2025-10-12T16:38:18","modified_gmt":"2025-10-12T16:38:18","slug":"israel-ordena-a-destruicao-dos-tuneis-do-hamas-em-gaza","status":"publish","type":"post","link":"https:\/\/www.europesays.com\/pt\/107853\/","title":{"rendered":"Israel ordena a destrui\u00e7\u00e3o dos t\u00faneis do Hamas em Gaza"},"content":{"rendered":"<p>&#13;<br \/>\nNuma mensagem publicada na conta pessoal na rede social X, o ministro afirmou que &#8220;o grande desafio&#8221; de Israel, depois da liberta\u00e7\u00e3o dos ref\u00e9ns, \u00e9 a destrui\u00e7\u00e3o dos t\u00faneis do Hamas na Faixa de Gaza, e disse ter dado instru\u00e7\u00f5es \u00e0s for\u00e7as armadas &#8220;para que se preparassem para cumprir a miss\u00e3o&#8221;.&#13;\n<\/p>\n<p>&#13;<br \/>\n&#8220;Este \u00e9 o principal significado da implementa\u00e7\u00e3o do princ\u00edpio acordado de desmilitarizar Gaza e desarmar o Hamas&#8221;, declarou.&#13;\n<\/p>\n<p>&#13;<br \/>\nSegundo Katz, a opera\u00e7\u00e3o ser\u00e1 realizada &#8220;atrav\u00e9s do mecanismo internacional que ser\u00e1 criado sob a lideran\u00e7a e supervis\u00e3o dos Estados Unidos&#8221;.&#13;\n<\/p>\n<p>&#13;<br \/>\nEstima-se que o processo de liberta\u00e7\u00e3o dos 48 ref\u00e9ns que continuam em Gaza &#8212; dos quais se acredita que apenas 20 permanecem com vida &#8212; comece segunda-feira de manh\u00e3, segundo informou o coordenador israelita para os assuntos dos ref\u00e9ns, Gal Hirsch, \u00e0s fam\u00edlias dos cativos.&#13;\n<\/p>\n<p>&#13;<br \/>\nO desmantelamento da infraestrutura militar do Hamas na Faixa de Gaza est\u00e1 igualmente previsto no acordo alcan\u00e7ado com Israel, que estabelece que, uma vez iniciado o cessar-fogo &#8212; o que ocorreu este s\u00e1bado ao meio-dia &#8211;, existe um prazo de 72 horas para que o Hamas e as mil\u00edcias palestinianas libertem os ref\u00e9ns detidos em Gaza.&#13;\n<\/p>\n<p>&#13;<br \/>\nNo entanto, s\u00e1bado, o Hamas adiantou que n\u00e3o vai participar na assinatura oficial do acordo de paz com Israel, por, apesar de concordar com o cessar-fogo e com a troca de ref\u00e9ns israelitas por prisioneiros palestinianos, n\u00e3o aceita ser desmilitarizado.&#13;\n<\/p>\n<p>&#13;<br \/>\n\u00a0&#13;\n<\/p>\n<p>&#13;<br \/>\n\u00a0&#13;<\/p>\n","protected":false},"excerpt":{"rendered":"&#13; Numa mensagem publicada na conta pessoal na rede social X, o ministro afirmou que &#8220;o grande desafio&#8221;&hellip;\n","protected":false},"author":2,"featured_media":106113,"comment_status":"","ping_status":"","sticky":false,"template":"","format":"standard","meta":{"footnotes":""},"categories":[8],"tags":[27,28,15,16,17307,14,259,25,26,21,22,12,13,19,20,32,23,24,33,17,18,29,30,31],"class_list":{"0":"post-107853","1":"post","2":"type-post","3":"status-publish","4":"format-standard","5":"has-post-thumbnail","7":"category-principais-noticias","8":"tag-breaking-news","9":"tag-breakingnews","10":"tag-featured-news","11":"tag-featurednews","12":"tag-hamas-faixa","13":"tag-headlines","14":"tag-israel","15":"tag-latest-news","16":"tag-latestnews","17":"tag-main-news","18":"tag-mainnews","19":"tag-news","20":"tag-noticias","21":"tag-noticias-principais","22":"tag-noticiasprincipais","23":"tag-portugal","24":"tag-principais-noticias","25":"tag-principaisnoticias","26":"tag-pt","27":"tag-top-stories","28":"tag-topstories","29":"tag-ultimas","30":"tag-ultimas-noticias","31":"tag-ultimasnoticias"},"share_on_mastodon":{"url":"","error":""},"_links":{"self":[{"href":"https:\/\/www.europesays.com\/pt\/wp-json\/wp\/v2\/posts\/107853","targetHints":{"allow":["GET"]}}],"collection":[{"href":"https:\/\/www.europesays.com\/pt\/wp-json\/wp\/v2\/posts"}],"about":[{"href":"https:\/\/www.europesays.com\/pt\/wp-json\/wp\/v2\/types\/post"}],"author":[{"embeddable":true,"href":"https:\/\/www.europesays.com\/pt\/wp-json\/wp\/v2\/users\/2"}],"replies":[{"embeddable":true,"href":"https:\/\/www.europesays.com\/pt\/wp-json\/wp\/v2\/comments?post=107853"}],"version-history":[{"count":0,"href":"https:\/\/www.europesays.com\/pt\/wp-json\/wp\/v2\/posts\/107853\/revisions"}],"wp:featuredmedia":[{"embeddable":true,"href":"https:\/\/www.europesays.com\/pt\/wp-json\/wp\/v2\/media\/106113"}],"wp:attachment":[{"href":"https:\/\/www.europesays.com\/pt\/wp-json\/wp\/v2\/media?parent=107853"}],"wp:term":[{"taxonomy":"category","embeddable":true,"href":"https:\/\/www.europesays.com\/pt\/wp-json\/wp\/v2\/categories?post=107853"},{"taxonomy":"post_tag","embeddable":true,"href":"https:\/\/www.europesays.com\/pt\/wp-json\/wp\/v2\/tags?post=107853"}],"curies":[{"name":"wp","href":"https:\/\/api.w.org\/{rel}","templated":true}]}}