{"id":107858,"date":"2025-10-12T16:46:14","date_gmt":"2025-10-12T16:46:14","guid":{"rendered":"https:\/\/www.europesays.com\/pt\/107858\/"},"modified":"2025-10-12T16:46:14","modified_gmt":"2025-10-12T16:46:14","slug":"crescem-as-mortes-de-jovens-por-suicidio-e-uso-de-drogas-12-10-2025-equilibrio-e-saude","status":"publish","type":"post","link":"https:\/\/www.europesays.com\/pt\/107858\/","title":{"rendered":"Crescem as mortes de jovens por suic\u00eddio e uso de drogas &#8211; 12\/10\/2025 &#8211; Equil\u00edbrio e Sa\u00fade"},"content":{"rendered":"<p>A expectativa de vida global aumentou, as taxas de mortalidade est\u00e3o caindo, mas entre adolescentes e adultos jovens elas est\u00e3o mais altas e j\u00e1 se configuram uma crise emergente no mundo.<\/p>\n<p>Na Am\u00e9rica do Norte e Am\u00e9rica Latina, o aumento das mortes de jovens \u00e9 atribu\u00eddo ao <a href=\"https:\/\/www1.folha.uol.com.br\/equilibrio\/2025\/08\/o-que-minha-filha-disse-ao-chatgpt-antes-de-tirar-a-propria-vida.shtml\" rel=\"nofollow noopener\" target=\"\">suic\u00eddio<\/a> e ao <a href=\"https:\/\/www1.folha.uol.com.br\/equilibrio\/2025\/02\/maleficios-do-alcool-nao-sao-novidade-mas-ganham-folego-com-novas-recomendacoes.shtml\" rel=\"nofollow noopener\" target=\"\">consumo de \u00e1lcool<\/a> e outras drogas. Na \u00c1frica Subsaariana, \u00e0s doen\u00e7as infecciosas e les\u00f5es n\u00e3o intencionais.<\/p>\n<p>Os dados constam no mais recente relat\u00f3rio <a href=\"https:\/\/www.healthdata.org\/research-analysis\/gbd\" rel=\"nofollow noopener\" target=\"_blank\">Global Burden of Disease (GBD)<\/a>, publicado neste domingo (12) na revista cient\u00edfica <a href=\"https:\/\/www.thelancet.com\/gbd\" rel=\"nofollow noopener\" target=\"_blank\">The Lancet<\/a> e apresentado na C\u00fapula Mundial da <a href=\"https:\/\/www1.folha.uol.com.br\/folha-topicos\/saude\/\" rel=\"nofollow noopener\" target=\"_blank\">Sa\u00fade<\/a>, que acontece em Berlim, na Alemanha. O trabalho \u00e9 o maior e mais abrangente estudo global que quantifica a mortalidade e as incapacidades em diferentes pa\u00edses e ao longo do tempo. Os dados do Brasil ainda n\u00e3o foram destrinchados.<\/p>\n<p>Liderado pelo Instituto de M\u00e9tricas e Avalia\u00e7\u00e3o em Sa\u00fade (IHME) da Escola de Medicina da Universidade de Washington, conta com uma rede de 16,5 mil pesquisadores que coletaram dados entre 1990 e 2023. Foram consultadas mais de 310 mil fontes de dados.<\/p>\n<p>Entre adolescentes e adultos jovens, o maior aumento nas mortes foi registrado na faixa et\u00e1ria de 20 a 39 anos na Am\u00e9rica do Norte, principalmente devido a suic\u00eddio, overdose de drogas e grandes quantidades de \u00e1lcool.<\/p>\n<p>No mesmo per\u00edodo, o <a href=\"https:\/\/www1.folha.uol.com.br\/equilibrioesaude\/2025\/04\/desde-2000-mortalidade-de-criancas-abaixo-de-5-anos-caiu-52-diz-unicef.shtml\" rel=\"nofollow noopener\" target=\"\">n\u00famero de mortes infantis diminuiu<\/a> mais do que em qualquer outra faixa et\u00e1ria. O Leste Asi\u00e1tico registrou a maior queda: 68% entre menores de cinco anos devido a melhor nutri\u00e7\u00e3o, vacinas e sistemas de sa\u00fade mais fortes.<\/p>\n<p>J\u00e1 na \u00c1frica Subsaariana houve aumento da mortalidade em crian\u00e7as de 5 a 14 anos impulsionado por altas taxas de infec\u00e7\u00f5es respirat\u00f3rias e <a href=\"https:\/\/www1.folha.uol.com.br\/equilibrioesaude\/2024\/10\/custo-da-tuberculose-no-brasil-ultrapassou-r-7-bi-em-sete-anos.shtml\" rel=\"nofollow noopener\" target=\"\">tuberculose<\/a>, outras doen\u00e7as infecciosas e les\u00f5es n\u00e3o intencionais.<\/p>\n<p>Entre as mulheres adultas jovens, de 15 a 29 anos, as taxas de mortes subiram 61%, principalmente devido \u00e0 <a href=\"https:\/\/www1.folha.uol.com.br\/equilibrioesaude\/2025\/04\/mortalidade-materna-global-cai-40-mas-ainda-mata-700-mulheres-por-dia-diz-oms.shtml\" rel=\"nofollow noopener\" target=\"\">mortalidade materna<\/a>, les\u00f5es nas estradas e meningite.<\/p>\n<p>&#8220;D\u00e9cadas de trabalho para fechar a lacuna em regi\u00f5es de baixa renda com desigualdades persistentes na sa\u00fade correm o risco de se desfazer devido aos <a href=\"https:\/\/www1.folha.uol.com.br\/mundo\/2025\/06\/cortes-de-ajuda-externa-dos-eua-podem-provocar-mais-de-14-milhoes-de-mortes-diz-estudo.shtml\" rel=\"nofollow noopener\" target=\"\">recentes cortes na ajuda internacional<\/a>&#8220;, disse Emmanuela Gakidou, autora s\u00eanior e professora do IHME.<\/p>\n<p>&#8220;Esses pa\u00edses dependem do financiamento global da sa\u00fade para cuidados prim\u00e1rios, medicamentos e vacinas que salvam vidas. Sem isso, a lacuna certamente aumentar\u00e1.&#8221;<\/p>\n<p>De acordo com o estudo, as doen\u00e7as n\u00e3o transmiss\u00edveis (DNTs) foram respons\u00e1veis por quase dois ter\u00e7os do total de mortes e incapacidades do mundo, segundo o GBD. As tr\u00eas principais causas foram doen\u00e7a card\u00edaca isqu\u00eamica, <a href=\"https:\/\/www1.folha.uol.com.br\/equilibrioesaude\/2025\/05\/avc-principal-causa-de-morte-cardiaca-no-brasil-tem-deficiencia-em-prevencao-e-em-atendimento-rapido-no-sus.shtml\" rel=\"nofollow noopener\" target=\"\">AVC (acidente vascular cerebral)<\/a> e <a href=\"https:\/\/www1.folha.uol.com.br\/folha-topicos\/diabetes\/\" rel=\"nofollow noopener\" target=\"_blank\">diabetes<\/a>. As regi\u00f5es de baixa renda tamb\u00e9m viram um aumento acentuado nas DNTs.<\/p>\n<p>Os pesquisadores estimam que quase metade de todas as mortes e incapacidades poderiam ser evitadas modificando alguns dos principais fatores de risco, como reduzir n\u00edveis elevados de glicose no sangue e de <a href=\"https:\/\/www1.folha.uol.com.br\/equilibrioesaude\/2025\/09\/nova-diretriz-brasileira-prioriza-saude-cardiovascular-no-tratamento-da-obesidade.shtml\" rel=\"nofollow noopener\" target=\"\">\u00edndice de massa corporal (IMC)<\/a>.<\/p>\n<p>Segundo Christopher Murray, diretor do IHME e coordenador do estudo, as evid\u00eancias apresentadas s\u00e3o um alerta para que l\u00edderes governamentais e de sa\u00fade respondam de forma r\u00e1pida e estrat\u00e9gica \u00e0s necessidades de sa\u00fade p\u00fablica.<\/p>\n<p>&#8220;O r\u00e1pido crescimento do <a href=\"https:\/\/www1.folha.uol.com.br\/mundo\/2023\/01\/populacao-idosa-no-mundo-vai-dobrar-ate-metade-do-seculo-mostra-onu.shtml\" rel=\"nofollow noopener\" target=\"\">envelhecimento da popula\u00e7\u00e3o mundial<\/a> e a evolu\u00e7\u00e3o dos fatores de risco deram in\u00edcio a uma nova era de desafios globais de sa\u00fade&#8221;, disse em comunicado.<\/p>\n<p>De acordo com a pesquisadora Isabela Bense\u00f1or, professora associada da Faculdade de Medicina da USP e coordenadora de um grupo colaborador no GBD no Brasil, \u00e0 medida que as pessoas vivem mais, ficam expostas a fatores de risco por mais tempo.<\/p>\n<p>&#8220;Antigamente a pessoa infartava aos 60 anos e morria. Hoje, com a melhoria dos tratamentos, ela sobrevive, mas, se n\u00e3o cuida da <a href=\"https:\/\/www1.folha.uol.com.br\/equilibrioesaude\/2025\/09\/pressao-de-12-por-8-passa-a-ser-classificada-como-pre-hipertensao.shtml\" rel=\"nofollow noopener\" target=\"\">hipertens\u00e3o<\/a>, fica sujeita a outras doen\u00e7as, como AVC e doen\u00e7a renal.&#8221;<br \/>&#13;<br \/>\nPara ela, o Brasil tem desafios adicionais porque, al\u00e9m de lidar com o aumento de doen\u00e7as cr\u00f4nicas, ainda enfrenta carga das doen\u00e7as infeciosas e das causas externas, como acidentes e outras viol\u00eancias, que afetam os mais jovens.<\/p>\n<p>    Cuide-se<\/p>\n<p class=\"c-newsletter__subtitle\">Ci\u00eancia, h\u00e1bitos e preven\u00e7\u00e3o numa newsletter para a sua sa\u00fade e bem-estar<\/p>\n<p>A expectativa de vida global voltou aos n\u00edveis pr\u00e9-pandemia de Covid: 76,3 anos para mulheres e 71,5 anos para homens \u201420 anos a mais em compara\u00e7\u00e3o com 1950.<\/p>\n<p>Apesar do progresso, as desigualdades geogr\u00e1ficas permanecem gritantes, com a expectativa de vida variando de 83 anos, em regi\u00f5es de alta renda, a 62 anos na \u00c1frica Subsaariana.<\/p>\n<p>As mesmas disparidades s\u00e3o observadas na idade m\u00e9dia global de morte. Nas regi\u00f5es de alta renda, as mulheres morrem, em m\u00e9dia, com 80,5 anos, e os homens, com 74,4 anos. J\u00e1 na \u00c1frica Subsaariana, a m\u00e9dia \u00e9 de 37,1 anos para mulheres e 34,8 anos para os homens.<\/p>\n<p>Mortes por doen\u00e7as n\u00e3o transmiss\u00edveis t\u00eam alta<\/p>\n<p>As avalia\u00e7\u00f5es de sa\u00fade global do GBD est\u00e3o descritas em tr\u00eas grandes estudos que fazem an\u00e1lises demogr\u00e1ficas, sobre causas de morte e sobre carga de doen\u00e7as, les\u00f5es e fatores de risco.<\/p>\n<p>O segundo estudo, sobre causas de morte, refor\u00e7a que elas est\u00e3o mudando de doen\u00e7as infecciosas para doen\u00e7as n\u00e3o transmiss\u00edveis (DNTs), criando novos desafios globais de sa\u00fade, principalmente para pa\u00edses de baixa renda.<\/p>\n<p>Depois de se tornar a principal causa de morte em 2021, a Covid caiu para o 20\u00ba lugar em 2023. A doen\u00e7a card\u00edaca isqu\u00eamica e o acidente vascular cerebral voltaram ao topo, seguidos por <a href=\"https:\/\/www1.folha.uol.com.br\/equilibrioesaude\/2023\/12\/saiba-como-diferenciar-a-dpoc-de-outras-doencas-pulmonares-como-asma-e-bronquite.shtml\" rel=\"nofollow noopener\" target=\"\">doen\u00e7a pulmonar obstrutiva cr\u00f4nica<\/a>, infec\u00e7\u00f5es respirat\u00f3rias inferiores e dist\u00farbios neonatais.<\/p>\n<p>De 1990 a 2023, a taxa padronizada por idade de anos de vida ajustados por incapacidade (DALYs) caiu 36%. Isso mede o total de anos de vida saud\u00e1vel perdidos, examinando os anos perdidos por morte prematura e os anos vividos com incapacidade.<\/p>\n<p>De 2010 a 2023, as taxas de DALY para doen\u00e7as transmiss\u00edveis, maternas, neonatais e nutricionais (CMNN) ca\u00edram quase 26%. Isso foi liderado pela redu\u00e7\u00e3o das taxas de doen\u00e7as diarreicas pela metade, de 43% nas taxas de HIV\/Aids e uma queda de 42% para tuberculose.<\/p>\n<p>Quase metade da mortalidade e morbidade globais em 2023 foi atribu\u00edda a 88 fatores de risco modific\u00e1veis. Os dez fatores de risco com maior propor\u00e7\u00e3o de perda de sa\u00fade foram: <a href=\"https:\/\/www1.folha.uol.com.br\/folha-topicos\/hipertensao\/\" rel=\"nofollow noopener\" target=\"\">press\u00e3o arterial sist\u00f3lica elevada<\/a>; polui\u00e7\u00e3o por material particulado; <a href=\"https:\/\/www1.folha.uol.com.br\/equilibrioesaude\/2025\/06\/brasil-pode-economizar-r-248-bi-por-ano-em-custos-de-saude-se-reduzir-em-1-a-taxa-de-tabagismo.shtml\" rel=\"nofollow noopener\" target=\"\">tabagismo<\/a>; glicose plasm\u00e1tica alta em jejum; baixo peso ao nascer e gesta\u00e7\u00e3o curta; IMC alto; <a href=\"https:\/\/www1.folha.uol.com.br\/equilibrioesaude\/2025\/09\/nova-diretriz-brasileira-para-colesterol-redefine-metas-diagnosticos-e-tratamento-para-prevenir-infartos-e-avc.shtml\" rel=\"nofollow noopener\" target=\"\">colesterol LDL alto<\/a>; disfun\u00e7\u00e3o renal; falha no crescimento infantil; e exposi\u00e7\u00e3o ao chumbo.<\/p>\n<p>Novos m\u00e9todos de modelagem GBD para <a href=\"https:\/\/www1.folha.uol.com.br\/ciencia\/2025\/01\/poluicao-por-chumbo-pode-ter-tornado-antigos-romanos-um-pouco-menos-inteligentes.shtml\" rel=\"nofollow noopener\" target=\"\">exposi\u00e7\u00e3o ao chumbo<\/a>, o 10\u00ba principal risco, tamb\u00e9m revelaram uma liga\u00e7\u00e3o direta com doen\u00e7as cardiovasculares.<\/p>\n<p>A remo\u00e7\u00e3o de chumbo do combust\u00edvel contribuiu para decl\u00ednios substanciais na exposi\u00e7\u00e3o ao longo dos anos, mas ainda \u00e9 um contaminante ambiental comum que pode ser encontrado em tintas de edif\u00edcios mais antigos, solo contaminado, \u00e1gua, especiarias e muitos utens\u00edlios de cozinha.<\/p>\n<p class=\"tagline\">A jornalista viajou a Berlim a convite da Vital Strategies<\/p>\n","protected":false},"excerpt":{"rendered":"A expectativa de vida global aumentou, as taxas de mortalidade est\u00e3o caindo, mas entre adolescentes e adultos jovens&hellip;\n","protected":false},"author":2,"featured_media":107859,"comment_status":"","ping_status":"","sticky":false,"template":"","format":"standard","meta":{"footnotes":""},"categories":[86],"tags":[1031,1493,1618,1029,1027,1617,529,236,116,3912,32,33,117,1030,10382],"class_list":{"0":"post-107858","1":"post","2":"type-post","3":"status-publish","4":"format-standard","5":"has-post-thumbnail","7":"category-saude","8":"tag-autocuidado","9":"tag-avc","10":"tag-coracao","11":"tag-cuide-se","12":"tag-diabetes","13":"tag-doenca-cardiovascular","14":"tag-doencas","15":"tag-folha","16":"tag-health","17":"tag-mortes","18":"tag-portugal","19":"tag-pt","20":"tag-saude","21":"tag-saude-mental","22":"tag-suicidio"},"share_on_mastodon":{"url":"","error":""},"_links":{"self":[{"href":"https:\/\/www.europesays.com\/pt\/wp-json\/wp\/v2\/posts\/107858","targetHints":{"allow":["GET"]}}],"collection":[{"href":"https:\/\/www.europesays.com\/pt\/wp-json\/wp\/v2\/posts"}],"about":[{"href":"https:\/\/www.europesays.com\/pt\/wp-json\/wp\/v2\/types\/post"}],"author":[{"embeddable":true,"href":"https:\/\/www.europesays.com\/pt\/wp-json\/wp\/v2\/users\/2"}],"replies":[{"embeddable":true,"href":"https:\/\/www.europesays.com\/pt\/wp-json\/wp\/v2\/comments?post=107858"}],"version-history":[{"count":0,"href":"https:\/\/www.europesays.com\/pt\/wp-json\/wp\/v2\/posts\/107858\/revisions"}],"wp:featuredmedia":[{"embeddable":true,"href":"https:\/\/www.europesays.com\/pt\/wp-json\/wp\/v2\/media\/107859"}],"wp:attachment":[{"href":"https:\/\/www.europesays.com\/pt\/wp-json\/wp\/v2\/media?parent=107858"}],"wp:term":[{"taxonomy":"category","embeddable":true,"href":"https:\/\/www.europesays.com\/pt\/wp-json\/wp\/v2\/categories?post=107858"},{"taxonomy":"post_tag","embeddable":true,"href":"https:\/\/www.europesays.com\/pt\/wp-json\/wp\/v2\/tags?post=107858"}],"curies":[{"name":"wp","href":"https:\/\/api.w.org\/{rel}","templated":true}]}}