{"id":107860,"date":"2025-10-12T16:50:15","date_gmt":"2025-10-12T16:50:15","guid":{"rendered":"https:\/\/www.europesays.com\/pt\/107860\/"},"modified":"2025-10-12T16:50:15","modified_gmt":"2025-10-12T16:50:15","slug":"estudo-internacional-revela-nova-idade-do-templo-egipcio-de-karnak","status":"publish","type":"post","link":"https:\/\/www.europesays.com\/pt\/107860\/","title":{"rendered":"Estudo internacional revela nova idade do templo eg\u00edpcio de Karnak"},"content":{"rendered":"<p class=\"category\"><a href=\"https:\/\/sicnoticias.pt\/mundo\" rel=\"nofollow noopener\" target=\"_blank\">Mundo<\/a><\/p>\n<p class=\"g-article-lead lead\" data-field=\"lead\">Uma equipa internacional de cientistas descobriu que o complexo em Luxor, no Egito, foi constru\u00eddo numa ilha que emergiu das \u00e1guas do Nilo.<\/p>\n<p><img decoding=\"async\" src=\"https:\/\/www.europesays.com\/pt\/wp-content\/uploads\/2025\/10\/1760287815_827_original.webp\" alt=\"Templo de Karnak, em Luxor, Egito\"\/><\/p>\n<p>Templo de Karnak, em Luxor, Egito<\/p>\n<p>Dr Ben Pennington \/ Antiquity<\/p>\n<p><strong>Uma equipa internacional de cientistas reduziu a idade do templo eg\u00edpcio de Karnak e recriou com precis\u00e3o a paisagem ribeirinha do complexo, Patrim\u00f3nio Mundial da Humanidade que recebe milh\u00f5es de turistas todos os anos.<\/strong><\/p>\n<p>Os investigadores realizaram o estudo geoarqueol\u00f3gico mais abrangente do templo, pr\u00f3ximo de Luxor, e revelaram liga\u00e7\u00f5es sugestivas com a mitologia eg\u00edpcia antiga e novos dados sobre a intera\u00e7\u00e3o entre a paisagem ribeirinha do complexo e os povos que ocuparam o local durante os seus quase 3.000 anos de utiliza\u00e7\u00e3o.<\/p>\n<p>Participaram no estudo investigadores da Universidade de Southampton, no Reino Unido, e da Universidade de Uppsala, na Su\u00e9cia.<\/p>\n<p>Analisaram at\u00e9 61 amostras de sedimentos do interior e da envolvente do templo e milhares de fragmentos de cer\u00e2mica encontrados no complexo de Karnak, localizado a 500 metros a leste do atual rio Nilo, perto de Luxor, na antiga capital religiosa eg\u00edpcia de Tebas.<\/p>\n<p>Utilizando as suas evid\u00eancias, os investigadores mapearam como a paisagem em redor do s\u00edtio mudou ao longo da sua hist\u00f3ria e descobriram que, <strong>antes de 2520 a.C., o local n\u00e3o poderia ter sido adequado para ocupa\u00e7\u00e3o permanente devido \u00e0s inunda\u00e7\u00f5es peri\u00f3dicas causadas pelas fortes correntes do Nilo.<\/strong><\/p>\n<p>Por conseguinte, situaram <strong>a ocupa\u00e7\u00e3o mais antiga em Karnak durante o Imp\u00e9rio Antigo (entre 2591 e 2152 a.C.).<\/strong><\/p>\n<p>Os fragmentos de cer\u00e2mica encontrados no s\u00edtio corroboram esta descoberta, sendo que os mais antigos datam entre 2305 e 1980 a.C. Portanto, as conclus\u00f5es desta equipa internacional de investigadores fornecem novas evid\u00eancias sobre<strong> a idade de Karnak, que tem sido acaloradamente debatida nos c\u00edrculos arqueol\u00f3gicos h\u00e1 d\u00e9cadas.<\/strong><\/p>\n<p>O solo sobre o qual o templo foi fundado formou-se quando os canais dos rios avan\u00e7aram para oeste e para leste, criando uma ilha de terreno elevado no que \u00e9 atualmente a regi\u00e3o este-sudeste do s\u00edtio.<\/p>\n<p>Esta ilha emergente lan\u00e7ou as bases para a ocupa\u00e7\u00e3o e a constru\u00e7\u00e3o inicial de Karnak.<\/p>\n<p>Ao longo dos s\u00e9culos e mil\u00e9nios seguintes, os canais dos rios de ambos os lados do s\u00edtio divergiram ainda mais, criando mais espa\u00e7o para o desenvolvimento do complexo do templo, como confirmaram agora os investigadores.<\/p>\n<p>Esta nova compreens\u00e3o da paisagem do templo apresenta semelhan\u00e7as impressionantes com um antigo mito da cria\u00e7\u00e3o eg\u00edpcia, levando a equipa a acreditar que a decis\u00e3o de localizar o templo ali pode ter estado relacionada com as vis\u00f5es religiosas dos seus habitantes.<\/p>\n<p>Textos eg\u00edpcios antigos do Imp\u00e9rio Antigo indicam que o &#8216;Deus Criador&#8217; se manifestou como um terreno elevado a emergir do lago, e os investigadores verificaram que a ilha onde Karnak foi fundada \u00e9 a \u00fanica \u00e1rea conhecida de terreno elevado rodeada de \u00e1gua na regi\u00e3o.<\/p>\n<p>Assim, os arque\u00f3logos sugeriram que as elites tebanas escolheram a localiza\u00e7\u00e3o de Karnak para ser a morada de uma nova forma de &#8216;Deus Criador&#8217;, aludindo a Amon-R\u00e1, o deus supremo do antigo Egito, uma vez que o local se enquadrava perfeitamente no cen\u00e1rio mitol\u00f3gico das terras altas que emergiam das \u00e1guas circundantes como a origem da forma\u00e7\u00e3o do Universo.<\/p>\n","protected":false},"excerpt":{"rendered":"Mundo Uma equipa internacional de cientistas descobriu que o complexo em Luxor, no Egito, foi constru\u00eddo numa ilha&hellip;\n","protected":false},"author":2,"featured_media":107861,"comment_status":"","ping_status":"","sticky":false,"template":"","format":"standard","meta":{"footnotes":""},"categories":[50],"tags":[27,28,15,16,14,25,26,21,22,62,12,13,19,20,23,24,17,18,29,30,31,63,64,65],"class_list":{"0":"post-107860","1":"post","2":"type-post","3":"status-publish","4":"format-standard","5":"has-post-thumbnail","7":"category-mundo","8":"tag-breaking-news","9":"tag-breakingnews","10":"tag-featured-news","11":"tag-featurednews","12":"tag-headlines","13":"tag-latest-news","14":"tag-latestnews","15":"tag-main-news","16":"tag-mainnews","17":"tag-mundo","18":"tag-news","19":"tag-noticias","20":"tag-noticias-principais","21":"tag-noticiasprincipais","22":"tag-principais-noticias","23":"tag-principaisnoticias","24":"tag-top-stories","25":"tag-topstories","26":"tag-ultimas","27":"tag-ultimas-noticias","28":"tag-ultimasnoticias","29":"tag-world","30":"tag-world-news","31":"tag-worldnews"},"share_on_mastodon":{"url":"","error":""},"_links":{"self":[{"href":"https:\/\/www.europesays.com\/pt\/wp-json\/wp\/v2\/posts\/107860","targetHints":{"allow":["GET"]}}],"collection":[{"href":"https:\/\/www.europesays.com\/pt\/wp-json\/wp\/v2\/posts"}],"about":[{"href":"https:\/\/www.europesays.com\/pt\/wp-json\/wp\/v2\/types\/post"}],"author":[{"embeddable":true,"href":"https:\/\/www.europesays.com\/pt\/wp-json\/wp\/v2\/users\/2"}],"replies":[{"embeddable":true,"href":"https:\/\/www.europesays.com\/pt\/wp-json\/wp\/v2\/comments?post=107860"}],"version-history":[{"count":0,"href":"https:\/\/www.europesays.com\/pt\/wp-json\/wp\/v2\/posts\/107860\/revisions"}],"wp:featuredmedia":[{"embeddable":true,"href":"https:\/\/www.europesays.com\/pt\/wp-json\/wp\/v2\/media\/107861"}],"wp:attachment":[{"href":"https:\/\/www.europesays.com\/pt\/wp-json\/wp\/v2\/media?parent=107860"}],"wp:term":[{"taxonomy":"category","embeddable":true,"href":"https:\/\/www.europesays.com\/pt\/wp-json\/wp\/v2\/categories?post=107860"},{"taxonomy":"post_tag","embeddable":true,"href":"https:\/\/www.europesays.com\/pt\/wp-json\/wp\/v2\/tags?post=107860"}],"curies":[{"name":"wp","href":"https:\/\/api.w.org\/{rel}","templated":true}]}}