{"id":107868,"date":"2025-10-12T17:00:07","date_gmt":"2025-10-12T17:00:07","guid":{"rendered":"https:\/\/www.europesays.com\/pt\/107868\/"},"modified":"2025-10-12T17:00:07","modified_gmt":"2025-10-12T17:00:07","slug":"assista-estamos-adoecendo-em-silencio-alerta-psiquiatra-sobre-explosao-de-casos-de-ansiedade-e-burnout-no-pos-pandemia","status":"publish","type":"post","link":"https:\/\/www.europesays.com\/pt\/107868\/","title":{"rendered":"[ASSISTA] &#8220;Estamos adoecendo em sil\u00eancio&#8221;, alerta psiquiatra sobre explos\u00e3o de casos de ansiedade e burnout no p\u00f3s-pandemia"},"content":{"rendered":"<p style=\"text-align: justify;\">A diretora do Complexo Hospitalar Juliano Moreira, m\u00e9dica psiquiatra <a href=\"https:\/\/www.instagram.com\/dracamillafranca.psiq?igsh=YTN3ODdiZHVudThh\" rel=\"nofollow noopener\" target=\"_blank\"><strong>Dra. Camilla Franca<\/strong><\/a>, acendeu o sinal de alerta sobre os impactos da pandemia de Covid-19 na sa\u00fade mental dos brasileiros. Em entrevista ao programa \u201c<strong><a href=\"https:\/\/www.instagram.com\/programaoparaibaboa\/\" rel=\"nofollow noopener\" target=\"_blank\">\u00d4 Para\u00edba Boa<\/a><\/strong>, da r\u00e1dio<strong>\u00a0<a href=\"https:\/\/www.instagram.com\/100.5afmlider\/\" rel=\"nofollow noopener\" target=\"_blank\">100.5 FM<\/a><\/strong>, a m\u00e9dica apontou o crescimento expressivo dos afastamentos por ansiedade, depress\u00e3o e burnout, principalmente entre profissionais da sa\u00fade e da educa\u00e7\u00e3o.<\/p>\n<p style=\"text-align: justify;\">De acordo com Camilla, dados do <strong><a href=\"https:\/\/www.gov.br\/previdencia\/pt-br\" rel=\"nofollow noopener\" target=\"_blank\">Minist\u00e9rio da Previd\u00eancia<\/a><\/strong> mostram que, entre 2014 e 2024, os afastamentos do trabalho por transtornos de ansiedade saltaram de 39 mil para mais de 141 mil casos, um aumento superior a 300%. J\u00e1 os afastamentos por depress\u00e3o mais do que dobraram no mesmo per\u00edodo. \u201cN\u00e3o estamos mais falando de preven\u00e7\u00e3o, e sim de uma massa de pessoas j\u00e1 adoecidas. \u00c9 uma epidemia silenciosa\u201d, alertou.<\/p>\n<p style=\"text-align: justify;\">O cen\u00e1rio, segundo a psiquiatra, piorou drasticamente com a pandemia. \u201cAt\u00e9 2020, os n\u00fameros vinham est\u00e1veis. Quando chegou a Covid, os gr\u00e1ficos explodiram. Nunca vimos um crescimento t\u00e3o brusco\u201d, disse.<\/p>\n<p style=\"text-align: justify;\">A sobrecarga emocional entre os profissionais da linha de frente foi um dos pontos mais cr\u00edticos. Mais de 53% dos trabalhadores da sa\u00fade apresentaram sintomas de burnout, sendo esse \u00edndice ainda maior entre m\u00e9dicos de UTI, chegando a 61%. \u201cEsses profissionais foram empurrados ao limite f\u00edsico e emocional. Muitos ainda n\u00e3o se recuperaram\u201d, lamentou.<\/p>\n<p style=\"text-align: justify;\">Outro grupo que sofreu forte impacto foi o dos professores. Dependendo da etapa de ensino, os afastamentos por esgotamento variaram entre 30% e 70%. \u201cS\u00e3o profissionais que enfrentaram o caos da pandemia, tiveram que se reinventar e, muitas vezes, adoeceram calados\u201d, destacou.<\/p>\n<p style=\"text-align: justify;\">Camilla tamb\u00e9m chamou aten\u00e7\u00e3o para o preconceito que ainda cerca as doen\u00e7as mentais. \u201cMuita gente ainda sente vergonha de procurar um psiquiatra. Mas \u00e9 preciso entender que depress\u00e3o e ansiedade s\u00e3o doen\u00e7as como qualquer outra. N\u00e3o \u00e9 frescura. \u00c9 real, paralisa e destr\u00f3i vidas\u201d, afirmou.<\/p>\n<p style=\"text-align: justify;\">A m\u00e9dica, que tamb\u00e9m atua como perita federal, relatou que muitos pacientes enfrentam resist\u00eancia at\u00e9 para voltar ao trabalho. \u201cH\u00e1 um julgamento social cruel. Pessoas com depress\u00e3o s\u00e3o vistas como fracas ou pregui\u00e7osas. Isso s\u00f3 agrava o quadro\u201d, ressaltou.<\/p>\n<p style=\"text-align: justify;\">Por fim, a diretora do Juliano Moreira defendeu o fortalecimento da rede de apoio \u00e0 sa\u00fade mental no pa\u00eds e campanhas p\u00fablicas que tratem o tema com seriedade. \u201cEstamos diante de uma crise silenciosa. Precisamos romper esse tabu e cuidar das pessoas que est\u00e3o adoecendo todos os dias\u201d, concluiu.<\/p>\n<p><strong>Assista a entrevista de Dra. Camilla Franca ao Programa <a href=\"https:\/\/www.youtube.com\/watch?v=pNtQLX3bmAQ\" rel=\"nofollow noopener\" target=\"_blank\">\u00d4 Para\u00edba Boa<\/a>:<\/strong><\/p>\n<p style=\"text-align: justify;\">\n<blockquote>\n<p style=\"text-align: justify;\"><strong>\u2795\u00a0<a href=\"https:\/\/www.whatsapp.com\/channel\/0029VaftkU11XquTeQ5d432V\" target=\"_blank\" rel=\"noopener nofollow\">Clique aqui para seguir o canal \u201cFONTE83\u201d no WhatsApp e fique bem informado<\/a><\/strong><\/p>\n<p style=\"text-align: justify;\"><strong>\ud83d\udcf7\u00a0<a href=\"https:\/\/www.instagram.com\/fonte83pb\/\" target=\"_blank\" rel=\"noopener nofollow\">Siga o Fonte83 no Instagram<\/a><\/strong><\/p>\n<\/blockquote>\n<p><script async src=\"\/\/www.instagram.com\/embed.js\"><\/script><\/p>\n","protected":false},"excerpt":{"rendered":"A diretora do Complexo Hospitalar Juliano Moreira, m\u00e9dica psiquiatra Dra. Camilla Franca, acendeu o sinal de alerta sobre&hellip;\n","protected":false},"author":2,"featured_media":107869,"comment_status":"","ping_status":"","sticky":false,"template":"","format":"standard","meta":{"footnotes":""},"categories":[86],"tags":[25796,116,5734,9464,32,33,117,1030],"class_list":{"0":"post-107868","1":"post","2":"type-post","3":"status-publish","4":"format-standard","5":"has-post-thumbnail","7":"category-saude","8":"tag-camilla-franca","9":"tag-health","10":"tag-pandemia","11":"tag-paraiba","12":"tag-portugal","13":"tag-pt","14":"tag-saude","15":"tag-saude-mental"},"share_on_mastodon":{"url":"","error":""},"_links":{"self":[{"href":"https:\/\/www.europesays.com\/pt\/wp-json\/wp\/v2\/posts\/107868","targetHints":{"allow":["GET"]}}],"collection":[{"href":"https:\/\/www.europesays.com\/pt\/wp-json\/wp\/v2\/posts"}],"about":[{"href":"https:\/\/www.europesays.com\/pt\/wp-json\/wp\/v2\/types\/post"}],"author":[{"embeddable":true,"href":"https:\/\/www.europesays.com\/pt\/wp-json\/wp\/v2\/users\/2"}],"replies":[{"embeddable":true,"href":"https:\/\/www.europesays.com\/pt\/wp-json\/wp\/v2\/comments?post=107868"}],"version-history":[{"count":0,"href":"https:\/\/www.europesays.com\/pt\/wp-json\/wp\/v2\/posts\/107868\/revisions"}],"wp:featuredmedia":[{"embeddable":true,"href":"https:\/\/www.europesays.com\/pt\/wp-json\/wp\/v2\/media\/107869"}],"wp:attachment":[{"href":"https:\/\/www.europesays.com\/pt\/wp-json\/wp\/v2\/media?parent=107868"}],"wp:term":[{"taxonomy":"category","embeddable":true,"href":"https:\/\/www.europesays.com\/pt\/wp-json\/wp\/v2\/categories?post=107868"},{"taxonomy":"post_tag","embeddable":true,"href":"https:\/\/www.europesays.com\/pt\/wp-json\/wp\/v2\/tags?post=107868"}],"curies":[{"name":"wp","href":"https:\/\/api.w.org\/{rel}","templated":true}]}}