{"id":107870,"date":"2025-10-12T17:05:22","date_gmt":"2025-10-12T17:05:22","guid":{"rendered":"https:\/\/www.europesays.com\/pt\/107870\/"},"modified":"2025-10-12T17:05:22","modified_gmt":"2025-10-12T17:05:22","slug":"mariana-mortagua-considera-um-bom-sinal-o-tempo-que-aguardou-para-votar","status":"publish","type":"post","link":"https:\/\/www.europesays.com\/pt\/107870\/","title":{"rendered":"Mariana Mort\u00e1gua considera um &#8220;bom sinal&#8221; o tempo que aguardou para votar"},"content":{"rendered":"<p>&#8220;A \u00fanica circunst\u00e2ncia em que eu gosto de esperar e que \u00e9 bom sinal de que haja fila \u00e9 mesmo quando venho at\u00e9 \u00e0 minha sec\u00e7\u00e3o de voto. Voto sempre na mesma escola, voto sempre na mesma localiza\u00e7\u00e3o, na mesma sala, na mesma mesa e nunca esperei como hoje e espero que seja um sinal da mobiliza\u00e7\u00e3o, n\u00e3o s\u00f3 na minha freguesia e na minha cidade, mas em todo o territ\u00f3rio para estas elei\u00e7\u00f5es aut\u00e1rquicas&#8221;, disse aos jornalistas depois de ter votado na Escola B\u00e1sica n\u00ba.1 de Arroios, em Lisboa.<\/p>\n<p>No que diz respeito \u00e0 campanha, Mariana Mort\u00e1gua reconhece que chegou numa fase &#8220;mais final&#8221;, mas que sentiu &#8220;muita energia&#8221; por parte das pessoas que querem &#8220;mudar as suas terras&#8221;.<\/p>\n<p>&#8220;O Bloco de Esquerda e todos os outros partidos fizeram campanhas mobilizadoras, n\u00f3s tivemos participa\u00e7\u00f5es diferentes, algumas coliga\u00e7\u00f5es, outras que n\u00e3o s\u00e3o coliga\u00e7\u00f5es, acho que em todos os s\u00edtios onde participei as pessoas est\u00e3o muito empenhadas em mudar as suas terras, est\u00e3o muito empenhadas em poder viver melhor nas suas terras e isso para mim \u00e9 o mais importante e por isso senti essa vontade e esse entusiasmo&#8221;, afirmou.<\/p>\n<p>A coordenadora do Bloco de Esquerda, que votou pelas 11:00, sublinhou a import\u00e2ncia de ir votar nestas elei\u00e7\u00f5es aut\u00e1rquicas, uma vez que s\u00e3o eleitos representantes que governam da &#8220;forma mais pr\u00f3xima&#8221;.<\/p>\n<p>&#8220;\u00c9 muito importante ir votar, eu sei que isto \u00e9 um apelo sempre reiterado e sempre repetido neste dia das elei\u00e7\u00f5es, mas especialmente nestas elei\u00e7\u00f5es aut\u00e1rquicas porque estamos a votar por quem nos governa de forma mais pr\u00f3xima&#8221;, adiantou.<\/p>\n<p>A l\u00edder do Bloco salientou tamb\u00e9m a import\u00e2ncia dos \u00f3rg\u00e3os de poder local, que t\u00eam &#8220;mais poderes&#8221; e &#8220;mais responsabilidades&#8221;, e gerem o &#8220;dia-a-dia&#8221; dos portugueses.<\/p>\n<p>&#8220;S\u00e3o quem gere o nosso dia-a-dia, as coisas que tantas vezes mais interferem com a nossa vida di\u00e1ria e por isso o apelo que fa\u00e7o \u00e9 que participem neste grande momento da vida democr\u00e1tica portuguesa, que \u00e9 a celebra\u00e7\u00e3o do poder local e da sua proximidade \u00e0 popula\u00e7\u00e3o do pa\u00eds&#8221;, adiantou.<\/p>\n<p>Mariana Mort\u00e1gua admitiu que ap\u00f3s votar vai descansar e passar o dia com a fam\u00edlia antes de se preparar para a noite eleitoral que espera ser &#8220;a melhor noite eleitoral poss\u00edvel&#8221;.<\/p>\n<p>Mais de 9,3 milh\u00f5es de eleitores podem votar nestas aut\u00e1rquicas, segundo os dados do recenseamento disponibilizados pela Secretaria-Geral do Minist\u00e9rio da Administra\u00e7\u00e3o Interna (MAI).<\/p>\n<p>Os eleitores v\u00e3o escolher os \u00f3rg\u00e3os dirigentes das 308 C\u00e2maras Municipais, 308 Assembleias Municipais e 3.221 Assembleias de Freguesia, pelo que h\u00e1 tr\u00eas boletins de voto.<\/p>\n<p>No total, 1.584 listas de partidos, coliga\u00e7\u00f5es e grupos de cidad\u00e3os s\u00e3o candidatas \u00e0s C\u00e2maras Municipais, 1.519 \u00e0s Assembleias Municipais e 9.764 listas a Assembleias de Freguesia, de acordo com dados extra\u00eddos das listas mais atualizadas da Secretaria-Geral do MAI.<\/p>\n<p>Leia Tamb\u00e9m: <a href=\"https:\/\/www.noticiasaominuto.com\/politica\/2869091\/ao-minuto-portugal-chamado-as-urnas-para-as-eleicoes-autarquicas\" target=\"_blank\" rel=\"noreferrer noopener nofollow\">AO MINUTO: Maioria dos l\u00edderes j\u00e1 votou; &#8220;N\u00e3o h\u00e1 motivos para indecis\u00e3o&#8221;<\/a><\/p>\n","protected":false},"excerpt":{"rendered":"&#8220;A \u00fanica circunst\u00e2ncia em que eu gosto de esperar e que \u00e9 bom sinal de que haja fila&hellip;\n","protected":false},"author":2,"featured_media":107871,"comment_status":"","ping_status":"","sticky":false,"template":"","format":"standard","meta":{"footnotes":""},"categories":[10],"tags":[27,28,15,16,14,25,26,21,22,12,13,19,20,32,23,24,33,17,18,29,30,31],"class_list":{"0":"post-107870","1":"post","2":"type-post","3":"status-publish","4":"format-standard","5":"has-post-thumbnail","7":"category-portugal","8":"tag-breaking-news","9":"tag-breakingnews","10":"tag-featured-news","11":"tag-featurednews","12":"tag-headlines","13":"tag-latest-news","14":"tag-latestnews","15":"tag-main-news","16":"tag-mainnews","17":"tag-news","18":"tag-noticias","19":"tag-noticias-principais","20":"tag-noticiasprincipais","21":"tag-portugal","22":"tag-principais-noticias","23":"tag-principaisnoticias","24":"tag-pt","25":"tag-top-stories","26":"tag-topstories","27":"tag-ultimas","28":"tag-ultimas-noticias","29":"tag-ultimasnoticias"},"share_on_mastodon":{"url":"","error":""},"_links":{"self":[{"href":"https:\/\/www.europesays.com\/pt\/wp-json\/wp\/v2\/posts\/107870","targetHints":{"allow":["GET"]}}],"collection":[{"href":"https:\/\/www.europesays.com\/pt\/wp-json\/wp\/v2\/posts"}],"about":[{"href":"https:\/\/www.europesays.com\/pt\/wp-json\/wp\/v2\/types\/post"}],"author":[{"embeddable":true,"href":"https:\/\/www.europesays.com\/pt\/wp-json\/wp\/v2\/users\/2"}],"replies":[{"embeddable":true,"href":"https:\/\/www.europesays.com\/pt\/wp-json\/wp\/v2\/comments?post=107870"}],"version-history":[{"count":0,"href":"https:\/\/www.europesays.com\/pt\/wp-json\/wp\/v2\/posts\/107870\/revisions"}],"wp:featuredmedia":[{"embeddable":true,"href":"https:\/\/www.europesays.com\/pt\/wp-json\/wp\/v2\/media\/107871"}],"wp:attachment":[{"href":"https:\/\/www.europesays.com\/pt\/wp-json\/wp\/v2\/media?parent=107870"}],"wp:term":[{"taxonomy":"category","embeddable":true,"href":"https:\/\/www.europesays.com\/pt\/wp-json\/wp\/v2\/categories?post=107870"},{"taxonomy":"post_tag","embeddable":true,"href":"https:\/\/www.europesays.com\/pt\/wp-json\/wp\/v2\/tags?post=107870"}],"curies":[{"name":"wp","href":"https:\/\/api.w.org\/{rel}","templated":true}]}}