{"id":107874,"date":"2025-10-12T17:10:09","date_gmt":"2025-10-12T17:10:09","guid":{"rendered":"https:\/\/www.europesays.com\/pt\/107874\/"},"modified":"2025-10-12T17:10:09","modified_gmt":"2025-10-12T17:10:09","slug":"temperatura-maxima-hoje-12-10-25-filme-de-domingo-na-tv-globo","status":"publish","type":"post","link":"https:\/\/www.europesays.com\/pt\/107874\/","title":{"rendered":"Temperatura M\u00e1xima hoje (12\/10\/25); filme de domingo na TV Globo"},"content":{"rendered":"<p class=\"texto\">Cinco adolescentes s\u00e3o transformados nos superpoderosos Power Rangers. Orientados pelo mestre Zordon, eles precisar\u00e3o deter a cruel Rita Repulsa, uma Ranger desertora que deseja destruir o mundo.<\/p>\n<p>Veja trailer do filme que vai passar na Temperatura M\u00e1xima<\/p>\n<p class=\"texto\"><a href=\"https:\/\/www.youtube.com\/watch?v=fVzGB_woVCA\" target=\"_self\" rel=\"nofollow noopener\">Assista ao trailer clicando aqui.<\/a><\/p>\n<p>Filme da Temperatura M\u00e1xima hoje, 12<\/p>\n<ul>\n<li>Power Rangers<\/li>\n<li><strong>Quando<\/strong>: hoje, domingo, 12 de outubro de 2025 (12\/10\/25), \u00e0s 12h35min <\/li>\n<li><strong>Onde<\/strong>: canal aberto da Globo e atrav\u00e9s do Globoplay<\/li>\n<\/ul>\n<p>    D\u00favidas, Cr\u00edticas e Sugest\u00f5es?<br \/>\n        <a href=\"https:\/\/www.opovo.com.br\/falecomagente\" class=\"bluedefault\" rel=\"nofollow noopener\" target=\"_blank\">Fale com a gente<\/a><\/p>\n","protected":false},"excerpt":{"rendered":"Cinco adolescentes s\u00e3o transformados nos superpoderosos Power Rangers. Orientados pelo mestre Zordon, eles precisar\u00e3o deter a cruel Rita&hellip;\n","protected":false},"author":2,"featured_media":107875,"comment_status":"","ping_status":"","sticky":false,"template":"","format":"standard","meta":{"footnotes":""},"categories":[142],"tags":[114,115,32,33,218,151],"class_list":{"0":"post-107874","1":"post","2":"type-post","3":"status-publish","4":"format-standard","5":"has-post-thumbnail","7":"category-tv","8":"tag-entertainment","9":"tag-entretenimento","10":"tag-portugal","11":"tag-pt","12":"tag-televisao","13":"tag-tv"},"share_on_mastodon":{"url":"","error":""},"_links":{"self":[{"href":"https:\/\/www.europesays.com\/pt\/wp-json\/wp\/v2\/posts\/107874","targetHints":{"allow":["GET"]}}],"collection":[{"href":"https:\/\/www.europesays.com\/pt\/wp-json\/wp\/v2\/posts"}],"about":[{"href":"https:\/\/www.europesays.com\/pt\/wp-json\/wp\/v2\/types\/post"}],"author":[{"embeddable":true,"href":"https:\/\/www.europesays.com\/pt\/wp-json\/wp\/v2\/users\/2"}],"replies":[{"embeddable":true,"href":"https:\/\/www.europesays.com\/pt\/wp-json\/wp\/v2\/comments?post=107874"}],"version-history":[{"count":0,"href":"https:\/\/www.europesays.com\/pt\/wp-json\/wp\/v2\/posts\/107874\/revisions"}],"wp:featuredmedia":[{"embeddable":true,"href":"https:\/\/www.europesays.com\/pt\/wp-json\/wp\/v2\/media\/107875"}],"wp:attachment":[{"href":"https:\/\/www.europesays.com\/pt\/wp-json\/wp\/v2\/media?parent=107874"}],"wp:term":[{"taxonomy":"category","embeddable":true,"href":"https:\/\/www.europesays.com\/pt\/wp-json\/wp\/v2\/categories?post=107874"},{"taxonomy":"post_tag","embeddable":true,"href":"https:\/\/www.europesays.com\/pt\/wp-json\/wp\/v2\/tags?post=107874"}],"curies":[{"name":"wp","href":"https:\/\/api.w.org\/{rel}","templated":true}]}}