{"id":107880,"date":"2025-10-12T17:18:10","date_gmt":"2025-10-12T17:18:10","guid":{"rendered":"https:\/\/www.europesays.com\/pt\/107880\/"},"modified":"2025-10-12T17:18:10","modified_gmt":"2025-10-12T17:18:10","slug":"nao-abram-a-catedral-carta-descoberta-em-notre-dame-deixa-aviso-sobre-carnificina","status":"publish","type":"post","link":"https:\/\/www.europesays.com\/pt\/107880\/","title":{"rendered":"N\u00e3o abram a catedral&#8221;: carta descoberta em Notre-Dame deixa aviso sobre &#8220;carnificina"},"content":{"rendered":"<p class=\"category\"><a href=\"https:\/\/sicnoticias.pt\/mundo\" rel=\"nofollow noopener\" target=\"_blank\">Mundo<\/a><\/p>\n<p>Autoridades francesas est\u00e3o em alerta depois de um sacrist\u00e3o ter encontrado uma carta an\u00f3nima na Catedral de Notre-Dame, em Paris, que antecipa um potencial ataque entre este s\u00e1bado e domingo. <\/p>\n<p><img decoding=\"async\" src=\"https:\/\/www.europesays.com\/pt\/wp-content\/uploads\/2025\/10\/1760289490_917_original.webp\" alt=\"&quot;N\u00e3o abram a catedral&quot;: carta descoberta em Notre-Dame deixa aviso sobre &quot;carnificina&quot;\"\/><\/p>\n<p>Gonzalo Fuentes<\/p>\n<p><strong>Uma carta descoberta por um sacrist\u00e3o esta sexta-feira \u00e0 tarde na Catedral de Notre-Dame, em Paris, sugeria um ataque terrorista para o fim de semana e apelava ao fecho da catedral para evitar uma &#8220;carnificina&#8221;. <\/strong><\/p>\n<p>De acordo com o jornal franc\u00eas Le Parisien, a missiva foi encontrada perto das velas instaladas no edif\u00edcio. A mensagem datilografada antev\u00ea o pior dos cen\u00e1rios: um ataque terrorista com recurso a faca nos dias 11 e 12 de outubro. <\/p>\n<blockquote><p>&#8220;Haver\u00e1 visitantes estrangeiros que, gra\u00e7as \u00e0 ajuda de outros visitantes, j\u00e1 esconderam facas na catedral nos \u00faltimos dias. Eles causar\u00e3o uma carnificina. Por favor, n\u00e3o abram a catedral&#8221;, pede o autor da carta sem revelar a sua identidade.<\/p><\/blockquote>\n<p>A carta surge na sequ\u00eancia do envio de pacotes explosivos a um parlamentar, uma jornalista e uma comediante conhecido. As autoridades foram alertadas pelo sacrist\u00e3o e, numa a\u00e7\u00e3o preventiva, a catedral, repleta de turistas, foi evacuada. <\/p>\n<p>Este s\u00e1bado de manh\u00e3, ao reabrir, foi efetuada uma &#8220;inspe\u00e7\u00e3o de seguran\u00e7a realizada em conjunto pelo servi\u00e7o de seguran\u00e7a da catedral&#8221; para descartar riscos, declarou a autarquia. <\/p>\n<p>A carta n\u00e3o \u00e9 in\u00e9dita. J\u00e1 em abril uma outra carta descoberta na catedral sugeria um ataque terrorista durante o fim de semana de P\u00e1scoa.<\/p>\n<p>Ainda n\u00e3o foi aberta uma investiga\u00e7\u00e3o.<\/p>\n","protected":false},"excerpt":{"rendered":"Mundo Autoridades francesas est\u00e3o em alerta depois de um sacrist\u00e3o ter encontrado uma carta an\u00f3nima na Catedral de&hellip;\n","protected":false},"author":2,"featured_media":107881,"comment_status":"","ping_status":"","sticky":false,"template":"","format":"standard","meta":{"footnotes":""},"categories":[50],"tags":[27,28,15,16,14,25,26,21,22,62,12,13,19,20,23,24,17,18,29,30,31,63,64,65],"class_list":{"0":"post-107880","1":"post","2":"type-post","3":"status-publish","4":"format-standard","5":"has-post-thumbnail","7":"category-mundo","8":"tag-breaking-news","9":"tag-breakingnews","10":"tag-featured-news","11":"tag-featurednews","12":"tag-headlines","13":"tag-latest-news","14":"tag-latestnews","15":"tag-main-news","16":"tag-mainnews","17":"tag-mundo","18":"tag-news","19":"tag-noticias","20":"tag-noticias-principais","21":"tag-noticiasprincipais","22":"tag-principais-noticias","23":"tag-principaisnoticias","24":"tag-top-stories","25":"tag-topstories","26":"tag-ultimas","27":"tag-ultimas-noticias","28":"tag-ultimasnoticias","29":"tag-world","30":"tag-world-news","31":"tag-worldnews"},"share_on_mastodon":{"url":"","error":""},"_links":{"self":[{"href":"https:\/\/www.europesays.com\/pt\/wp-json\/wp\/v2\/posts\/107880","targetHints":{"allow":["GET"]}}],"collection":[{"href":"https:\/\/www.europesays.com\/pt\/wp-json\/wp\/v2\/posts"}],"about":[{"href":"https:\/\/www.europesays.com\/pt\/wp-json\/wp\/v2\/types\/post"}],"author":[{"embeddable":true,"href":"https:\/\/www.europesays.com\/pt\/wp-json\/wp\/v2\/users\/2"}],"replies":[{"embeddable":true,"href":"https:\/\/www.europesays.com\/pt\/wp-json\/wp\/v2\/comments?post=107880"}],"version-history":[{"count":0,"href":"https:\/\/www.europesays.com\/pt\/wp-json\/wp\/v2\/posts\/107880\/revisions"}],"wp:featuredmedia":[{"embeddable":true,"href":"https:\/\/www.europesays.com\/pt\/wp-json\/wp\/v2\/media\/107881"}],"wp:attachment":[{"href":"https:\/\/www.europesays.com\/pt\/wp-json\/wp\/v2\/media?parent=107880"}],"wp:term":[{"taxonomy":"category","embeddable":true,"href":"https:\/\/www.europesays.com\/pt\/wp-json\/wp\/v2\/categories?post=107880"},{"taxonomy":"post_tag","embeddable":true,"href":"https:\/\/www.europesays.com\/pt\/wp-json\/wp\/v2\/tags?post=107880"}],"curies":[{"name":"wp","href":"https:\/\/api.w.org\/{rel}","templated":true}]}}