{"id":107884,"date":"2025-10-12T17:20:21","date_gmt":"2025-10-12T17:20:21","guid":{"rendered":"https:\/\/www.europesays.com\/pt\/107884\/"},"modified":"2025-10-12T17:20:21","modified_gmt":"2025-10-12T17:20:21","slug":"comentadores-revelam-o-seu-palpite-para-a-expulsao-do-secret-story-deste-domingo-12-de-outubro","status":"publish","type":"post","link":"https:\/\/www.europesays.com\/pt\/107884\/","title":{"rendered":"Comentadores revelam o seu palpite para a expuls\u00e3o do Secret Story deste domingo [12 de outubro]"},"content":{"rendered":"<p>\t\t\t\t\t\t\t\t\t\t\t\t<a href=\"#\" onclick=\"window.open('http:\/\/www.facebook.com\/sharer.php?u=https:\/\/cusquices.com\/comentadores-revelam-o-seu-palpite-para-a-expulsao-do-secret-story-deste-domingo-12-de-outubro\/&amp;t=Comentadores revelam o seu palpite para a expuls\u00e3o do Secret Story deste domingo [12 de outubro]', 'facebookShare', 'width=626,height=436'); return false;\" title=\"Share on Facebook\"><\/p>\n<p>Share<\/p>\n<p><\/a><br \/>\n\t\t\t\t\t\t\t\t\t\t\t\t<a href=\"#\" onclick=\"window.open('http:\/\/twitter.com\/share?text=Comentadores revelam o seu palpite para a expuls\u00e3o do Secret Story deste domingo [12 de outubro] -&amp;url=https:\/\/cusquices.com\/comentadores-revelam-o-seu-palpite-para-a-expulsao-do-secret-story-deste-domingo-12-de-outubro\/', 'twitterShare', 'width=626,height=436'); return false;\" title=\"Tweet This Post\"><\/p>\n<p>Tweet<\/p>\n<p><\/a><br \/>\n\t\t\t\t\t\t\t\t\t\t\t\t<a href=\"whatsapp:\/\/send?text=Comentadores revelam o seu palpite para a expuls\u00e3o do Secret Story deste domingo [12 de outubro] https:\/\/cusquices.com\/comentadores-revelam-o-seu-palpite-para-a-expulsao-do-secret-story-deste-domingo-12-de-outubro\/\" rel=\"nofollow\"><\/p>\n<p>Share<\/p>\n<p><\/a><br \/>\n\t\t\t\t\t\t\t\t\t\t\t\t<a href=\"#\" onclick=\"window.open('http:\/\/pinterest.com\/pin\/create\/button\/?url=https:\/\/cusquices.com\/comentadores-revelam-o-seu-palpite-para-a-expulsao-do-secret-story-deste-domingo-12-de-outubro\/&amp;media=https:\/\/cusquices.com\/wp-content\/uploads\/2025\/10\/nomeados-semana4-1000x600.jpg&amp;description=Comentadores revelam o seu palpite para a expuls\u00e3o do Secret Story deste domingo [12 de outubro]', 'pinterestShare', 'width=750,height=350'); return false;\" title=\"Pin This Post\"><\/p>\n<p>Share<\/p>\n<p><\/a><br \/>\n\t\t\t\t\t\t\t\t\t\t\t\t<a href=\"mailto:?subject=Comentadores revelam o seu palpite para a expuls\u00e3o do Secret Story deste domingo [12 de outubro]&amp;BODY=I found this article interesting and thought of sharing it with you. Check it out: https:\/\/cusquices.com\/comentadores-revelam-o-seu-palpite-para-a-expulsao-do-secret-story-deste-domingo-12-de-outubro\/\"><\/p>\n<p>Email<\/p>\n<p><\/a><br \/>\n\t\t\t\t\t\t\t\t\t\t\t\t\t\t\t\t\t\t\t\t\t\t\t\t\t\t\t\t\t\t\t\t\t\t\t\t\t\t\t\t\t\t\t\t\t\t\t\t\t\t\t\t\t<a href=\"https:\/\/cusquices.com\/comentadores-revelam-o-seu-palpite-para-a-expulsao-do-secret-story-deste-domingo-12-de-outubro\/#respond\" rel=\"nofollow noopener\" target=\"_blank\"><\/p>\n<p>Comentadores apontam quem ser\u00e1 o pr\u00f3ximo concorrente expulso do Secret Story 9.<\/p>\n<p><strong>Alice Alves<\/strong> conduziu esta tarde, um <strong>Di\u00e1rio Especial do Secret Story <\/strong>que contou com a presen\u00e7a de <strong>Isabel Figueira, Adriano Silva Martins e Diana Lopes <\/strong>para comentarem os \u00faltimos acontecimentos da casa mais vigiada do pa\u00eds.<\/p>\n<p>J\u00e1 na reta final da emiss\u00e3o, <strong>Alice Alves<\/strong> quis saber o palpite dos comentadores para a expuls\u00e3o deste domingo, 12 de outubro. De recordar, que em risco de expuls\u00e3o temos: <strong>Ana, Ana Cristina, Dylan, F\u00e1bio, Leandro e L\u00eddia.<\/strong><\/p>\n<p><strong>Isabel Figueira<\/strong> n\u00e3o teve d\u00favidas e apontou <strong>Ana Cristina <\/strong>como a pr\u00f3xima concorrente a abandonar a casa mais vigiada do pa\u00eds: <strong>\u201cEu acho que por causa dos \u00faltimos epis\u00f3dios podes ser a Ana Cristina\u201d.<\/strong><\/p>\n<p>Por sua vez, <strong>Adriano Silva Martins<\/strong> apontou: <strong>\u201cEu acho que vai pesar \u00e0 Ana Cristina e se continuar, vai-lhe continuar a pesar, n\u00e3o s\u00f3 esta postura, mas como outras. Mas acho que vai ser a Ana que vai sair\u201d<\/strong>.<\/p>\n<p><strong>Leia tamb\u00e9m:<\/strong><\/p>\n<p>\t\t\t\t\t\t\t\t\t\t\t\t\t\t\t\t\t\t\t\t\t\t\t\t\t<img decoding=\"async\" src=\"https:\/\/www.europesays.com\/pt\/wp-content\/uploads\/2025\/10\/cusquices-logo-52x.png\" class=\"webpexpress-processed\"\/><\/p>\n<p>\t\t\t\t\t\t\t\t\t\t\t\t\t\t\t\t\t\t\t\t\t            \t\t\t\t\t\t\t\t\t\t\t\t\t\t\t\t\t\t\t\t\t\t\t\t\t\t\t\t\t\t\t\t\t\t\t\t\t\t\t<script async src=\"https:\/\/platform.twitter.com\/widgets.js\" charset=\"utf-8\"><\/script><\/p>\n","protected":false},"excerpt":{"rendered":"Share Tweet Share Share Email Comentadores apontam quem ser\u00e1 o pr\u00f3ximo concorrente expulso do Secret Story 9. Alice&hellip;\n","protected":false},"author":2,"featured_media":102633,"comment_status":"","ping_status":"","sticky":false,"template":"","format":"standard","meta":{"footnotes":""},"categories":[8],"tags":[27,28,2632,49,15,16,14,25,26,21,22,12,13,19,20,32,23,24,33,17,18,29,30,31],"class_list":{"0":"post-107884","1":"post","2":"type-post","3":"status-publish","4":"format-standard","5":"has-post-thumbnail","7":"category-principais-noticias","8":"tag-breaking-news","9":"tag-breakingnews","10":"tag-casa-dos-segredos","11":"tag-destaques","12":"tag-featured-news","13":"tag-featurednews","14":"tag-headlines","15":"tag-latest-news","16":"tag-latestnews","17":"tag-main-news","18":"tag-mainnews","19":"tag-news","20":"tag-noticias","21":"tag-noticias-principais","22":"tag-noticiasprincipais","23":"tag-portugal","24":"tag-principais-noticias","25":"tag-principaisnoticias","26":"tag-pt","27":"tag-top-stories","28":"tag-topstories","29":"tag-ultimas","30":"tag-ultimas-noticias","31":"tag-ultimasnoticias"},"share_on_mastodon":{"url":"","error":""},"_links":{"self":[{"href":"https:\/\/www.europesays.com\/pt\/wp-json\/wp\/v2\/posts\/107884","targetHints":{"allow":["GET"]}}],"collection":[{"href":"https:\/\/www.europesays.com\/pt\/wp-json\/wp\/v2\/posts"}],"about":[{"href":"https:\/\/www.europesays.com\/pt\/wp-json\/wp\/v2\/types\/post"}],"author":[{"embeddable":true,"href":"https:\/\/www.europesays.com\/pt\/wp-json\/wp\/v2\/users\/2"}],"replies":[{"embeddable":true,"href":"https:\/\/www.europesays.com\/pt\/wp-json\/wp\/v2\/comments?post=107884"}],"version-history":[{"count":0,"href":"https:\/\/www.europesays.com\/pt\/wp-json\/wp\/v2\/posts\/107884\/revisions"}],"wp:featuredmedia":[{"embeddable":true,"href":"https:\/\/www.europesays.com\/pt\/wp-json\/wp\/v2\/media\/102633"}],"wp:attachment":[{"href":"https:\/\/www.europesays.com\/pt\/wp-json\/wp\/v2\/media?parent=107884"}],"wp:term":[{"taxonomy":"category","embeddable":true,"href":"https:\/\/www.europesays.com\/pt\/wp-json\/wp\/v2\/categories?post=107884"},{"taxonomy":"post_tag","embeddable":true,"href":"https:\/\/www.europesays.com\/pt\/wp-json\/wp\/v2\/tags?post=107884"}],"curies":[{"name":"wp","href":"https:\/\/api.w.org\/{rel}","templated":true}]}}