{"id":107890,"date":"2025-10-12T17:25:07","date_gmt":"2025-10-12T17:25:07","guid":{"rendered":"https:\/\/www.europesays.com\/pt\/107890\/"},"modified":"2025-10-12T17:25:07","modified_gmt":"2025-10-12T17:25:07","slug":"katy-perry-e-ex-premie-do-canada-sao-vistos-aos-beijos-em-iate","status":"publish","type":"post","link":"https:\/\/www.europesays.com\/pt\/107890\/","title":{"rendered":"Katy Perry e ex-premi\u00ea do Canad\u00e1 s\u00e3o vistos aos beijos em iate"},"content":{"rendered":"<p>\t\t\tKaty Perry e ex-premi\u00ea do Canad\u00e1 s\u00e3o vistos aos beijos em iate\t\t<\/p>\n<p>\tKaty Perry e ex-premi\u00ea do Canad\u00e1 s\u00e3o vistos aos beijos em iate<\/p>\n","protected":false},"excerpt":{"rendered":"Katy Perry e ex-premi\u00ea do Canad\u00e1 s\u00e3o vistos aos beijos em iate Katy Perry e ex-premi\u00ea do Canad\u00e1&hellip;\n","protected":false},"author":2,"featured_media":107891,"comment_status":"","ping_status":"","sticky":false,"template":"","format":"standard","meta":{"footnotes":""},"categories":[141],"tags":[114,115,149,150,32,33],"class_list":{"0":"post-107890","1":"post","2":"type-post","3":"status-publish","4":"format-standard","5":"has-post-thumbnail","7":"category-musica","8":"tag-entertainment","9":"tag-entretenimento","10":"tag-music","11":"tag-musica","12":"tag-portugal","13":"tag-pt"},"share_on_mastodon":{"url":"","error":""},"_links":{"self":[{"href":"https:\/\/www.europesays.com\/pt\/wp-json\/wp\/v2\/posts\/107890","targetHints":{"allow":["GET"]}}],"collection":[{"href":"https:\/\/www.europesays.com\/pt\/wp-json\/wp\/v2\/posts"}],"about":[{"href":"https:\/\/www.europesays.com\/pt\/wp-json\/wp\/v2\/types\/post"}],"author":[{"embeddable":true,"href":"https:\/\/www.europesays.com\/pt\/wp-json\/wp\/v2\/users\/2"}],"replies":[{"embeddable":true,"href":"https:\/\/www.europesays.com\/pt\/wp-json\/wp\/v2\/comments?post=107890"}],"version-history":[{"count":0,"href":"https:\/\/www.europesays.com\/pt\/wp-json\/wp\/v2\/posts\/107890\/revisions"}],"wp:featuredmedia":[{"embeddable":true,"href":"https:\/\/www.europesays.com\/pt\/wp-json\/wp\/v2\/media\/107891"}],"wp:attachment":[{"href":"https:\/\/www.europesays.com\/pt\/wp-json\/wp\/v2\/media?parent=107890"}],"wp:term":[{"taxonomy":"category","embeddable":true,"href":"https:\/\/www.europesays.com\/pt\/wp-json\/wp\/v2\/categories?post=107890"},{"taxonomy":"post_tag","embeddable":true,"href":"https:\/\/www.europesays.com\/pt\/wp-json\/wp\/v2\/tags?post=107890"}],"curies":[{"name":"wp","href":"https:\/\/api.w.org\/{rel}","templated":true}]}}