{"id":107892,"date":"2025-10-12T17:27:08","date_gmt":"2025-10-12T17:27:08","guid":{"rendered":"https:\/\/www.europesays.com\/pt\/107892\/"},"modified":"2025-10-12T17:27:08","modified_gmt":"2025-10-12T17:27:08","slug":"benfica-nycole-sofreu-traumatismo-cranioencefalico-contra-o-valadares","status":"publish","type":"post","link":"https:\/\/www.europesays.com\/pt\/107892\/","title":{"rendered":"Benfica: Nycole sofreu traumatismo cranioencef\u00e1lico contra o Valadares"},"content":{"rendered":"<p>O <a target=\"_blank\" class=\"editor-link autolink-enabled\" href=\"https:\/\/www.abola.pt\/futebol\/benfica-450\" data-resource-id=\"450\" data-resource-type=\"team\" data-sport=\"football\" rel=\"nofollow noopener\">Benfica<\/a> revelou que Nycole Raysla sofreu um traumatismo cranioencef\u00e1lico durante a visita vitoriosa das \u00e1guias ao <a target=\"_blank\" class=\"editor-link autolink-enabled\" href=\"https:\/\/www.abola.pt\/futebol\/valadares-gaia-27910\" data-resource-id=\"27910\" data-resource-type=\"team\" data-sport=\"football\" rel=\"nofollow noopener\">Valadares Gaia<\/a> (4-1). A avan\u00e7ada brasileira pareceu ter perdido os sentidos junto \u00e0 linha de fundo aos 12&#8242;, ap\u00f3s um choque violento contra a cabe\u00e7a da guarda-redes advers\u00e1ria, Erin Seppi.<\/p>\n<p>Nycole foi prontamente colocada em posi\u00e7\u00e3o lateral de seguran\u00e7a pelas colegas de equipa, antes de ser assistida pela equipa m\u00e9dica do <a target=\"_blank\" class=\"editor-link autolink-enabled\" href=\"https:\/\/www.abola.pt\/futebol\/benfica-fem-26364\" data-resource-id=\"26364\" data-resource-type=\"team\" data-sport=\"football\" rel=\"nofollow noopener\">Benfica<\/a> e pela equipa de bombeiros presente durante cerca de sete minutos, no relvado do Est\u00e1dio Municipal Jorge Sampaio. A avan\u00e7ada brasileira foi posteriormente transportada para uma unidade hospitalar em Vila Nova de Gaia, onde realizou exames complementares.<\/p>\n<p>O <a target=\"_blank\" class=\"editor-link autolink-enabled\" href=\"https:\/\/www.abola.pt\/futebol\/benfica-fem-26364\" data-resource-id=\"26364\" data-resource-type=\"team\" data-sport=\"football\" rel=\"nofollow noopener\">Benfica<\/a> informa que Nycole encontra-se \u00abest\u00e1vel e sob observa\u00e7\u00e3o m\u00e9dica\u00bb, confirmando a aus\u00eancia da avan\u00e7ada de 25 anos da rece\u00e7\u00e3o ao <a target=\"_blank\" class=\"editor-link autolink-enabled\" href=\"https:\/\/www.abola.pt\/futebol\/arsenal-97\" data-resource-id=\"97\" data-resource-type=\"team\" data-sport=\"football\" rel=\"nofollow noopener\">Arsenal<\/a>, a contar para a segunda jornada da <a class=\"autolink-enabled\" data-resource-id=\"624\" data-resource-type=\"competition\" data-sport=\"football\" href=\"https:\/\/www.abola.pt\/futebol\/competicao\/champions-league-feminina-624\" rel=\"nofollow noopener\" target=\"_blank\">Champions feminina<\/a>, agendada para quinta-feira.<\/p>\n<p>Nycole foi a autora do primeiro golo da partida aos 5&#8242;. <\/p>\n<p>Erin Seppi sangrou copiosamente ap\u00f3s o choque com a avan\u00e7ada brasileira e tamb\u00e9m foi substitu\u00edda. A equipa m\u00e9dica do Valadares considerou que a guarda-redes n\u00e3o tinha condi\u00e7\u00f5es para continuar em campo.<\/p>\n","protected":false},"excerpt":{"rendered":"O Benfica revelou que Nycole Raysla sofreu um traumatismo cranioencef\u00e1lico durante a visita vitoriosa das \u00e1guias ao Valadares&hellip;\n","protected":false},"author":2,"featured_media":107893,"comment_status":"","ping_status":"","sticky":false,"template":"","format":"standard","meta":{"footnotes":""},"categories":[87],"tags":[135,32,33,134],"class_list":{"0":"post-107892","1":"post","2":"type-post","3":"status-publish","4":"format-standard","5":"has-post-thumbnail","7":"category-desporto","8":"tag-desporto","9":"tag-portugal","10":"tag-pt","11":"tag-sports"},"share_on_mastodon":{"url":"","error":""},"_links":{"self":[{"href":"https:\/\/www.europesays.com\/pt\/wp-json\/wp\/v2\/posts\/107892","targetHints":{"allow":["GET"]}}],"collection":[{"href":"https:\/\/www.europesays.com\/pt\/wp-json\/wp\/v2\/posts"}],"about":[{"href":"https:\/\/www.europesays.com\/pt\/wp-json\/wp\/v2\/types\/post"}],"author":[{"embeddable":true,"href":"https:\/\/www.europesays.com\/pt\/wp-json\/wp\/v2\/users\/2"}],"replies":[{"embeddable":true,"href":"https:\/\/www.europesays.com\/pt\/wp-json\/wp\/v2\/comments?post=107892"}],"version-history":[{"count":0,"href":"https:\/\/www.europesays.com\/pt\/wp-json\/wp\/v2\/posts\/107892\/revisions"}],"wp:featuredmedia":[{"embeddable":true,"href":"https:\/\/www.europesays.com\/pt\/wp-json\/wp\/v2\/media\/107893"}],"wp:attachment":[{"href":"https:\/\/www.europesays.com\/pt\/wp-json\/wp\/v2\/media?parent=107892"}],"wp:term":[{"taxonomy":"category","embeddable":true,"href":"https:\/\/www.europesays.com\/pt\/wp-json\/wp\/v2\/categories?post=107892"},{"taxonomy":"post_tag","embeddable":true,"href":"https:\/\/www.europesays.com\/pt\/wp-json\/wp\/v2\/tags?post=107892"}],"curies":[{"name":"wp","href":"https:\/\/api.w.org\/{rel}","templated":true}]}}