{"id":107894,"date":"2025-10-12T17:28:14","date_gmt":"2025-10-12T17:28:14","guid":{"rendered":"https:\/\/www.europesays.com\/pt\/107894\/"},"modified":"2025-10-12T17:28:14","modified_gmt":"2025-10-12T17:28:14","slug":"apresentadora-e-diagnosticada-com-celulite-ocular-em-santos-e-faz-alerta-conheca-a-doenca-a-tribuna","status":"publish","type":"post","link":"https:\/\/www.europesays.com\/pt\/107894\/","title":{"rendered":"Apresentadora \u00e9 diagnosticada com celulite ocular em Santos e faz alerta; conhe\u00e7a a doen\u00e7a &#8211; A Tribuna"},"content":{"rendered":"<ol>\n<li><a href=\"https:\/\/news.google.com\/rss\/articles\/CBMi3gFBVV95cUxQRnh2aTFXTUkzTkdoaHUxNzc0a0drUGY2TF9hWUZxTHoxR3cyNnRnVFF2WWdzdi1leDdfZnBhbE9QNzF4ZDFLS2kwWlVNaGgyU3dfTnNIZkZ6c1l1ZU5kZFp5X3NGVUhmOHlnQkdfZnhxdjcteGJWY19XUGhoNGZYYnh0NURjbUJXMGxIOWhKMFZkbG5NYm1ROHM1UTJBRGdrdF90dkFrM295TnBQdWxLVTVxcjRZVTZYYTRLQmZfM0Y5YlJBZkJUMjliNWxuWnlodlRUeG5ocTZzYXVYeGc?oc=5\" target=\"_blank\" rel=\"nofollow noopener\">Apresentadora \u00e9 diagnosticada com celulite ocular em Santos e faz alerta; conhe\u00e7a a doen\u00e7a<\/a>&nbsp;&nbsp;A Tribuna<\/li>\n<li><a href=\"https:\/\/news.google.com\/rss\/articles\/CBMi7gFBVV95cUxNd05malRwMDJhZ0xlSnhfVUtEMTdNaDdFaHc4NThkenBKRFJ2ekZiQThpenQ4S1VNczhPU01EZ0psYTJpVkpRRXRJY0tKV3dDbnFXY040VWttMEd1TVB2eHJ4MkZFbEtUVUhkRlY4ajZnbS0wTThsZk1zYVBFZG5RRmhOc09PeUZScGVxMXZLc2pfN3JITktRYzNVZE5WVEtraEJLQVN1c0Q3S3BKa3VURTNEUXJmakE4alNJRmxrZmx5WlRHOFR0aGNTcjUxUjFmaDh1MFdIa0lrbGhOOGRTWkdNejlTR2RmYWJfekVR0gH8AUFVX3lxTE44WFpIdk9sc2JrRGtTaUNSSEhnRlJ4Z0FFck9MQnBmc05iV013X0g1TU9wWnJzUWd3b2ZxN21vaThRdGQ5MU9JSEpkVTA0cU1BaGxNS0d1UldYbm5RSm9KYVlMU2Z5dHl3MXpwS2w5M3FxTjBHYS1zeGFDREtSaS1mRDlYalZDVkZtWGlVRWpUejRBTFRLOVBTZ2NUbFh5ek4tamtxcG5NazJxUkNOcWw4NDNfb1ctS21UUHRseXptQ3hrS1B6YXB4Y0JLcU1LU1pLY2EyUGQwZVFGS1RuZnpkUjdlNnZzQV9ZZG5ncDg3T0JNcnJRWlpnR0pVNw?oc=5\" target=\"_blank\" rel=\"nofollow noopener\">Apresentadora \u00e9 infectada por bact\u00e9ria com poder de cegar; conhe\u00e7a a celulite ocular<\/a>&nbsp;&nbsp;G1<\/li>\n<li><a href=\"https:\/\/news.google.com\/rss\/articles\/CBMisgFBVV95cUxPMjUyV1FZN1pwR012bTgwenBYeGNGdTZmQjMybDFzcmxMcDBLa0lYYjdwMU5KZ29yUk8zXzdTRlRwMjlUSF9SdnczZXpMenBLX2dDZHh4VUdqamdneWJlQW1Cbnk4S1V0aG8ySGcyMmp6bENBRDU4UHRWYnNaR3lCRzF4SWRKNEFDcUxENFkyS1lPaWFIaVhtbE9fTmdkeThIcUh0RkV4bUgzUmRqRXNJVTl3?oc=5\" target=\"_blank\" rel=\"nofollow noopener\">Apresentadora da Globo \u00e9 infectada por bact\u00e9ria e pode ficar cega<\/a>&nbsp;&nbsp;Jornal Correio<\/li>\n<li><a href=\"https:\/\/news.google.com\/rss\/articles\/CBMihwJBVV95cUxQSnFYdVBDUHVsWnlzekhfOFJ6YVI1MnBMbmlaZmd3eWM4LVZyNjZIV0xMUWV2WS1vQjFuckNKRzdqaGNLRThqejU4bGFLV3FGeFNMeTRrT1pNQkpBVXc5MERjQTM5VE01VGNzZ01FOXhjU0JtTUE1ZDB0TWdOVXNmSngySGt4ZWpPREoyb0pNbWJOMG81NUExLWdXWGJTTjB3bzA2bG5IVWd3Sm4yWU1oRDgxbmNXT0F4TjZqcGR6NWJDby1lc2k2Yk1hLTFhNFM2Z0txbGJCcFdLYjVYWElwdTRzSUJuczN2WGk2TGtUZlM3b0VnRHZCNUxaSDZEN1dWN2k4Uk0wQdIBlgJBVV95cUxPb0FuRmcyeU5yMnJ1RExnSTR3b2FrNHk5bUc2enFZSllJRmJBeDBmZzVwRHdBdnl5bHYyZFRLbEo5R3F0OXFYUXpfMFFyektHcEluQVZBR2lBTjV4d0NBWlRDWFdzX0VTLW5JQVF3aGpKb3VXd3RxLVhFQVRNZzZ5NFV3Rm1kb3BoX2JvWXJjaVo5V00xNzc0U1ZKWE1ielE4VlB4dUx3N2dReF9xbm5JTlpaNVRHT2k4QlZyR0tYVVltdHVFLTRNMUs5YU4tc2JjN05oRXVjMXd5d0tNakdWMkxWYTltMjlULTJJclpRTC1GUThpbmk5UlVFRnZ6YmZaZnBkbDNYUjhPdHFxMUVFMkxwNF96QQ?oc=5\" target=\"_blank\" rel=\"nofollow noopener\">Celulite ocular: cuidado com espinhas e sinusite, risco de cegueira \u00e9 alto<\/a>&nbsp;&nbsp;G1<\/li>\n<li><a href=\"https:\/\/news.google.com\/rss\/articles\/CBMijAFBVV95cUxPdTN4Mm9OZEt3aXBmTThmUDRGb1M3bHVqQnVKUVN3WmwyN2hpNWVBSWFIR0pJeklpdnhaTzVNWkVIb0FMMFBFSVE4THJOS2duRjNOU0dJVUFiblI1cDR3MjFoRUtfVGFLMHBXUTZtRWw0MHplYnlxLTF2V0NkUlcxcXRycm83RjRUcnFNUw?oc=5\" target=\"_blank\" rel=\"nofollow noopener\">Marcelly Abreu revela diagn\u00f3stico de celulite ocular<\/a>&nbsp;&nbsp;Folha de Curitiba<\/li>\n<\/ol>\n","protected":false},"excerpt":{"rendered":"Apresentadora \u00e9 diagnosticada com celulite ocular em Santos e faz alerta; conhe\u00e7a a doen\u00e7a&nbsp;&nbsp;A Tribuna Apresentadora \u00e9 infectada&hellip;\n","protected":false},"author":2,"featured_media":107895,"comment_status":"","ping_status":"","sticky":false,"template":"","format":"standard","meta":{"footnotes":""},"categories":[86],"tags":[116,32,33,117],"class_list":{"0":"post-107894","1":"post","2":"type-post","3":"status-publish","4":"format-standard","5":"has-post-thumbnail","7":"category-saude","8":"tag-health","9":"tag-portugal","10":"tag-pt","11":"tag-saude"},"share_on_mastodon":{"url":"","error":""},"_links":{"self":[{"href":"https:\/\/www.europesays.com\/pt\/wp-json\/wp\/v2\/posts\/107894","targetHints":{"allow":["GET"]}}],"collection":[{"href":"https:\/\/www.europesays.com\/pt\/wp-json\/wp\/v2\/posts"}],"about":[{"href":"https:\/\/www.europesays.com\/pt\/wp-json\/wp\/v2\/types\/post"}],"author":[{"embeddable":true,"href":"https:\/\/www.europesays.com\/pt\/wp-json\/wp\/v2\/users\/2"}],"replies":[{"embeddable":true,"href":"https:\/\/www.europesays.com\/pt\/wp-json\/wp\/v2\/comments?post=107894"}],"version-history":[{"count":0,"href":"https:\/\/www.europesays.com\/pt\/wp-json\/wp\/v2\/posts\/107894\/revisions"}],"wp:featuredmedia":[{"embeddable":true,"href":"https:\/\/www.europesays.com\/pt\/wp-json\/wp\/v2\/media\/107895"}],"wp:attachment":[{"href":"https:\/\/www.europesays.com\/pt\/wp-json\/wp\/v2\/media?parent=107894"}],"wp:term":[{"taxonomy":"category","embeddable":true,"href":"https:\/\/www.europesays.com\/pt\/wp-json\/wp\/v2\/categories?post=107894"},{"taxonomy":"post_tag","embeddable":true,"href":"https:\/\/www.europesays.com\/pt\/wp-json\/wp\/v2\/tags?post=107894"}],"curies":[{"name":"wp","href":"https:\/\/api.w.org\/{rel}","templated":true}]}}