{"id":107896,"date":"2025-10-12T17:30:10","date_gmt":"2025-10-12T17:30:10","guid":{"rendered":"https:\/\/www.europesays.com\/pt\/107896\/"},"modified":"2025-10-12T17:30:10","modified_gmt":"2025-10-12T17:30:10","slug":"estamos-obcecados-com-a-tecnologia-mas-jony-ive-diz-que-o-seu-dispositivo-de-ia-vai-resolve-lo","status":"publish","type":"post","link":"https:\/\/www.europesays.com\/pt\/107896\/","title":{"rendered":"Estamos obcecados com a tecnologia, mas Jony Ive diz que o seu dispositivo de IA vai resolv\u00ea-lo"},"content":{"rendered":"<p>Sem grandes detalhes ainda conhecidos sobre o seu novo dispositivo, o ex-designer da Apple, Jony Ive, espera que ele alivie o desgaste mental e emocional que a tecnologia tem, a par das suas vantagens, provocado na vida dos utilizadores.<\/p>\n<p><a target=\"_blank\" href=\"https:\/\/pplware.sapo.pt\/wp-content\/uploads\/2023\/09\/jony_ive00.jpg\" onclick=\"refreshIframe()\" class=\"foobox\" rel=\"nofollow noopener\"><img fetchpriority=\"high\" decoding=\"async\" src=\"https:\/\/www.europesays.com\/pt\/wp-content\/uploads\/2025\/10\/jony_ive00-720x405.jpg\" alt=\"\" width=\"720\" height=\"405\" class=\"aligncenter size-medium wp-image-949609\"  \/><\/a>\n<\/p>\n<p>Em conjunto com Jony Ive, o conhecido ex-designer da Apple, a OpenAI planeia lan\u00e7ar um dispositivo que funcionar\u00e1 como uma esp\u00e9cie de <a target=\"_blank\" href=\"https:\/\/pplware.sapo.pt\/gadgets\/chatgpt-de-bolso-dispositivo-da-openai-nao-tera-ecra-mas-vai-ver-e-ouvir-tudo-a-sua-volta\/\" rel=\"nofollow noopener\">ChatGPT de bolso<\/a>.<\/p>\n<p>Apesar de n\u00e3o haver muitos detalhes, o v\u00e9u vai sendo levantando. Desta vez, o ex-designer da Apple partilhou que espera que ele alivie o desgaste mental e emocional da vida dos utilizadores.<\/p>\n<blockquote>\n<p>N\u00e3o acho que tenhamos uma rela\u00e7\u00e3o f\u00e1cil com a nossa tecnologia, neste momento.<\/p>\n<\/blockquote>\n<p>Disse Jony Ive, numa confer\u00eancia de desenvolvedores da OpenAI, na semana passada, partilhando que v\u00ea a Intelig\u00eancia Artificial (IA) como uma oportunidade de usar a capacidade not\u00e1vel da tecnologia &#8220;para lidar de forma completa com grande parte da sobrecarga e do desespero que as pessoas sentem, atualmente&#8221;.<\/p>\n<p>Na sua perspetiva, &#8220;parte disso est\u00e1 relacionado com as ferramentas que [as pessoas] est\u00e3o a usar&#8221;.<\/p>\n<blockquote>\n<p>Quando digo que temos uma rela\u00e7\u00e3o desconfort\u00e1vel com a nossa tecnologia, quero dizer que isso \u00e9 o eufemismo mais obsceno.<\/p>\n<\/blockquote>\n<p><a target=\"_blank\" href=\"https:\/\/pplware.sapo.pt\/wp-content\/uploads\/2025\/04\/jony_ive_ia_device01.webp\" rel=\"nofollow noopener\"><img loading=\"lazy\" decoding=\"async\" src=\"https:\/\/www.europesays.com\/pt\/wp-content\/uploads\/2025\/10\/jony_ive_ia_device01-720x404.webp.webp\" alt=\"\" width=\"720\" height=\"404\" class=\"aligncenter size-medium wp-image-1051735\"  \/><\/a><\/p>\n<p>IA pode ser mais do que um boost de produtividade, segundo Jony Ive<\/p>\n<p>Conforme deu a entender, o dispositivo que est\u00e1 a desenvolver, em conjunto com a OpenAI, concentrar-se-\u00e1 em tentar fazer os consumidores felizes, em vez de apenas elevar a sua produtividade.<\/p>\n<p>Estou um pouco desanimado com o quanto todos n\u00f3s nos levamos a s\u00e9rio\u00bb, disse ele.<\/p>\n<blockquote>\n<p>Na verdade, as ramifica\u00e7\u00f5es de n\u00e3o se importar [com o impacto da tecnologia], de n\u00e3o ser cuidadoso, s\u00e3o realmente horr\u00edveis; mas em termos dos dispositivos que projetamos, em termos das interfaces que projetamos, se n\u00e3o conseguirmos sorrir, honestamente, se for apenas mais uma coisa profundamente s\u00e9ria e exclusiva, acho que isso seria um grande &#8220;desservi\u00e7o&#8221; para todos n\u00f3s.<\/p>\n<\/blockquote>\n<p>Na opini\u00e3o de <a target=\"_blank\" href=\"https:\/\/pplware.sapo.pt\/tag\/jony-ive\/\" rel=\"nofollow noopener\">Jony Ive<\/a>, &#8220;temos a oportunidade n\u00e3o apenas de corrigir a situa\u00e7\u00e3o, mas de mudar completamente a situa\u00e7\u00e3o em que nos encontramos; de n\u00e3o aceitar que isto tenha de ser a norma&#8221;.<\/p>\n<p>Conforme <a target=\"_blank\" href=\"https:\/\/www.pcmag.com\/news\/jony-ive-sorry-youre-all-addicted-to-your-phones-my-ai-device-will-be-different\" rel=\"nofollow noopener\">partilhou<\/a>, o objetivo passa por criar um dispositivo &#8220;que simplesmente funcione&#8221;. Ele &#8220;deve parecer inevit\u00e1vel; deve parecer \u00f3bvio&#8221;.<\/p>\n<p>O ex-designer da Apple espera que, durante esta nova onda de avan\u00e7os na IA, as ferramentas da pr\u00f3xima gera\u00e7\u00e3o &#8220;nos tornem felizes, realizados e mais pac\u00edficos, e menos ansiosos e menos desconectados&#8221;.<\/p>\n","protected":false},"excerpt":{"rendered":"Sem grandes detalhes ainda conhecidos sobre o seu novo dispositivo, o ex-designer da Apple, Jony Ive, espera que&hellip;\n","protected":false},"author":2,"featured_media":107897,"comment_status":"","ping_status":"","sticky":false,"template":"","format":"standard","meta":{"footnotes":""},"categories":[84],"tags":[109,107,108,24530,933,24531,2430,32,33,105,103,104,106,110],"class_list":{"0":"post-107896","1":"post","2":"type-post","3":"status-publish","4":"format-standard","5":"has-post-thumbnail","7":"category-ciencia-e-tecnologia","8":"tag-ciencia","9":"tag-ciencia-e-tecnologia","10":"tag-cienciaetecnologia","11":"tag-dispositivo","12":"tag-inteligencia-artificial","13":"tag-jony-ive","14":"tag-openai","15":"tag-portugal","16":"tag-pt","17":"tag-science","18":"tag-science-and-technology","19":"tag-scienceandtechnology","20":"tag-technology","21":"tag-tecnologia"},"share_on_mastodon":{"url":"","error":""},"_links":{"self":[{"href":"https:\/\/www.europesays.com\/pt\/wp-json\/wp\/v2\/posts\/107896","targetHints":{"allow":["GET"]}}],"collection":[{"href":"https:\/\/www.europesays.com\/pt\/wp-json\/wp\/v2\/posts"}],"about":[{"href":"https:\/\/www.europesays.com\/pt\/wp-json\/wp\/v2\/types\/post"}],"author":[{"embeddable":true,"href":"https:\/\/www.europesays.com\/pt\/wp-json\/wp\/v2\/users\/2"}],"replies":[{"embeddable":true,"href":"https:\/\/www.europesays.com\/pt\/wp-json\/wp\/v2\/comments?post=107896"}],"version-history":[{"count":0,"href":"https:\/\/www.europesays.com\/pt\/wp-json\/wp\/v2\/posts\/107896\/revisions"}],"wp:featuredmedia":[{"embeddable":true,"href":"https:\/\/www.europesays.com\/pt\/wp-json\/wp\/v2\/media\/107897"}],"wp:attachment":[{"href":"https:\/\/www.europesays.com\/pt\/wp-json\/wp\/v2\/media?parent=107896"}],"wp:term":[{"taxonomy":"category","embeddable":true,"href":"https:\/\/www.europesays.com\/pt\/wp-json\/wp\/v2\/categories?post=107896"},{"taxonomy":"post_tag","embeddable":true,"href":"https:\/\/www.europesays.com\/pt\/wp-json\/wp\/v2\/tags?post=107896"}],"curies":[{"name":"wp","href":"https:\/\/api.w.org\/{rel}","templated":true}]}}