{"id":107898,"date":"2025-10-12T17:33:25","date_gmt":"2025-10-12T17:33:25","guid":{"rendered":"https:\/\/www.europesays.com\/pt\/107898\/"},"modified":"2025-10-12T17:33:25","modified_gmt":"2025-10-12T17:33:25","slug":"seguradora-condenada-a-pagar-128-mil-euros-por-morte-de-homem-em-queda-de-arvore","status":"publish","type":"post","link":"https:\/\/www.europesays.com\/pt\/107898\/","title":{"rendered":"Seguradora condenada a pagar 128 mil euros por morte de homem em queda de \u00e1rvore"},"content":{"rendered":"<p>A decis\u00e3o \u00e9 do Tribunal da Rela\u00e7\u00e3o de Guimar\u00e3es, que decidiu que a seguradora \u00c1geas, SA ter\u00e1 de entregar aquele montante, o que a empresa recusara fazer alegando que a C\u00e2mara tinha tido culpa no acidente, o que exclu\u00eda a situa\u00e7\u00e3o do contrato de seguro.<\/p>\n<p data-remotead-prev-elm=\"true\" data-remotead-elm-id=\"inread\">Os ju\u00edzes desembargadores da Rela\u00e7\u00e3o n\u00e3o aceitaram o argumento do recurso da companhia, lembrando que a senten\u00e7a condenat\u00f3ria, do Tribunal Administrativo de Braga, deu como provado que o Munic\u00edpio, com cerca de 90 funcion\u00e1rios para tomar conta do patrim\u00f3nio arb\u00f3reo do concelho, &#8220;leva a cabo a\u00e7\u00f5es de manuten\u00e7\u00e3o do referido patrim\u00f3nio e efetua avalia\u00e7\u00f5es regulares&#8221;.<\/p>\n","protected":false},"excerpt":{"rendered":"A decis\u00e3o \u00e9 do Tribunal da Rela\u00e7\u00e3o de Guimar\u00e3es, que decidiu que a seguradora \u00c1geas, SA ter\u00e1 de&hellip;\n","protected":false},"author":2,"featured_media":107899,"comment_status":"","ping_status":"","sticky":false,"template":"","format":"standard","meta":{"footnotes":""},"categories":[10],"tags":[27,28,15,16,14,603,25,26,21,22,12,13,19,20,32,23,24,33,22366,17,18,29,30,31],"class_list":{"0":"post-107898","1":"post","2":"type-post","3":"status-publish","4":"format-standard","5":"has-post-thumbnail","7":"category-portugal","8":"tag-breaking-news","9":"tag-breakingnews","10":"tag-featured-news","11":"tag-featurednews","12":"tag-headlines","13":"tag-justica","14":"tag-latest-news","15":"tag-latestnews","16":"tag-main-news","17":"tag-mainnews","18":"tag-news","19":"tag-noticias","20":"tag-noticias-principais","21":"tag-noticiasprincipais","22":"tag-portugal","23":"tag-principais-noticias","24":"tag-principaisnoticias","25":"tag-pt","26":"tag-sentenca","27":"tag-top-stories","28":"tag-topstories","29":"tag-ultimas","30":"tag-ultimas-noticias","31":"tag-ultimasnoticias"},"share_on_mastodon":{"url":"","error":""},"_links":{"self":[{"href":"https:\/\/www.europesays.com\/pt\/wp-json\/wp\/v2\/posts\/107898","targetHints":{"allow":["GET"]}}],"collection":[{"href":"https:\/\/www.europesays.com\/pt\/wp-json\/wp\/v2\/posts"}],"about":[{"href":"https:\/\/www.europesays.com\/pt\/wp-json\/wp\/v2\/types\/post"}],"author":[{"embeddable":true,"href":"https:\/\/www.europesays.com\/pt\/wp-json\/wp\/v2\/users\/2"}],"replies":[{"embeddable":true,"href":"https:\/\/www.europesays.com\/pt\/wp-json\/wp\/v2\/comments?post=107898"}],"version-history":[{"count":0,"href":"https:\/\/www.europesays.com\/pt\/wp-json\/wp\/v2\/posts\/107898\/revisions"}],"wp:featuredmedia":[{"embeddable":true,"href":"https:\/\/www.europesays.com\/pt\/wp-json\/wp\/v2\/media\/107899"}],"wp:attachment":[{"href":"https:\/\/www.europesays.com\/pt\/wp-json\/wp\/v2\/media?parent=107898"}],"wp:term":[{"taxonomy":"category","embeddable":true,"href":"https:\/\/www.europesays.com\/pt\/wp-json\/wp\/v2\/categories?post=107898"},{"taxonomy":"post_tag","embeddable":true,"href":"https:\/\/www.europesays.com\/pt\/wp-json\/wp\/v2\/tags?post=107898"}],"curies":[{"name":"wp","href":"https:\/\/api.w.org\/{rel}","templated":true}]}}