{"id":107937,"date":"2025-10-12T18:02:30","date_gmt":"2025-10-12T18:02:30","guid":{"rendered":"https:\/\/www.europesays.com\/pt\/107937\/"},"modified":"2025-10-12T18:02:30","modified_gmt":"2025-10-12T18:02:30","slug":"sporting-vence-benfica-e-conquista-a-supertaca-de-voleibol","status":"publish","type":"post","link":"https:\/\/www.europesays.com\/pt\/107937\/","title":{"rendered":"Sporting vence Benfica e conquista a Superta\u00e7a de voleibol"},"content":{"rendered":"<p>O Sporting conquistou, na tarde deste s\u00e1bado, a Superta\u00e7a masculina de voleibol, ao vencer o Benfica, por tr\u00eas sets a um, no Pavilh\u00e3o Municipal Professor Joaquim Vairinhos, em Loul\u00e9.<\/p>\n<p>A equipa treinada por Jo\u00e3o Coelho venceu os dois primeiros sets, pelos parciais de 25-23 e 25-17. O Benfica venceu o terceiro set por 26-24 e os le\u00f5es acabaram por fechar a conquista do t\u00edtulo no quarto set, com um parcial de 25-23.<\/p>\n<p>Esta \u00e9 a quinta Superta\u00e7a masculina de voleibol ganha pelo Sporting, depois das da \u00e9poca passada, al\u00e9m das de 1990\/91, 1991\/92 e 1992\/93.<\/p>\n<p>Os verde e brancos repetem o triunfo alcan\u00e7ado na Superta\u00e7a em 2024, ano em que tamb\u00e9m venceram as \u00e1guias, por 3-1.<\/p>\n<p>O Benfica continua a liderar o palmar\u00e9s, com 11 t\u00edtulos na Superta\u00e7a.<\/p>\n<p><strong>Sporting soma quarta Superta\u00e7a da \u00e9poca nas modalidades<\/strong><\/p>\n<p>Com o t\u00edtulo no voleibol, o Sporting junta esta Superta\u00e7a a outras tr\u00eas conquistadas noutras modalidades, neste arranque de \u00e9poca 2025\/26.<\/p>\n<p>Tamb\u00e9m neste s\u00e1bado, os le\u00f5es conquistaram a Superta\u00e7a no h\u00f3quei em patins, ante o FC Porto (4-3, ap\u00f3s prolongamento). A 23 de agosto, o Sporting tamb\u00e9m venceu o FC Porto na Superta\u00e7a de andebol (36-29). A 3 de setembro, o Sporting venceu a Superta\u00e7a de futsal, ante o Benfica, por 6-1.<\/p>\n<p><strong>J\u00e1 segue o\u00a0<a href=\"http:\/\/whatsapp.com\/channel\/0029Va9lGKPGOj9nW79Pd117\" title=\"http:\/\/whatsapp.com\/channel\/0029Va9lGKPGOj9nW79Pd117\" rel=\"nofollow noopener\" target=\"_blank\">canal de Whatsapp do Maisfutebol<\/a>?<\/strong>\u00a0<\/p>\n","protected":false},"excerpt":{"rendered":"O Sporting conquistou, na tarde deste s\u00e1bado, a Superta\u00e7a masculina de voleibol, ao vencer o Benfica, por tr\u00eas&hellip;\n","protected":false},"author":2,"featured_media":107938,"comment_status":"","ping_status":"","sticky":false,"template":"","format":"standard","meta":{"footnotes":""},"categories":[8],"tags":[51,27,28,15,16,14,25,26,21,22,46,1830,12,13,19,20,32,23,24,33,47,34,25801,17,18,29,30,31,2696],"class_list":{"0":"post-107937","1":"post","2":"type-post","3":"status-publish","4":"format-standard","5":"has-post-thumbnail","7":"category-principais-noticias","8":"tag-benfica","9":"tag-breaking-news","10":"tag-breakingnews","11":"tag-featured-news","12":"tag-featurednews","13":"tag-headlines","14":"tag-latest-news","15":"tag-latestnews","16":"tag-main-news","17":"tag-mainnews","18":"tag-maisfutebol","19":"tag-modalidades","20":"tag-news","21":"tag-noticias","22":"tag-noticias-principais","23":"tag-noticiasprincipais","24":"tag-portugal","25":"tag-principais-noticias","26":"tag-principaisnoticias","27":"tag-pt","28":"tag-pura-paixao","29":"tag-sporting","30":"tag-supertaca-voleibol","31":"tag-top-stories","32":"tag-topstories","33":"tag-ultimas","34":"tag-ultimas-noticias","35":"tag-ultimasnoticias","36":"tag-voleibol"},"share_on_mastodon":{"url":"","error":""},"_links":{"self":[{"href":"https:\/\/www.europesays.com\/pt\/wp-json\/wp\/v2\/posts\/107937","targetHints":{"allow":["GET"]}}],"collection":[{"href":"https:\/\/www.europesays.com\/pt\/wp-json\/wp\/v2\/posts"}],"about":[{"href":"https:\/\/www.europesays.com\/pt\/wp-json\/wp\/v2\/types\/post"}],"author":[{"embeddable":true,"href":"https:\/\/www.europesays.com\/pt\/wp-json\/wp\/v2\/users\/2"}],"replies":[{"embeddable":true,"href":"https:\/\/www.europesays.com\/pt\/wp-json\/wp\/v2\/comments?post=107937"}],"version-history":[{"count":0,"href":"https:\/\/www.europesays.com\/pt\/wp-json\/wp\/v2\/posts\/107937\/revisions"}],"wp:featuredmedia":[{"embeddable":true,"href":"https:\/\/www.europesays.com\/pt\/wp-json\/wp\/v2\/media\/107938"}],"wp:attachment":[{"href":"https:\/\/www.europesays.com\/pt\/wp-json\/wp\/v2\/media?parent=107937"}],"wp:term":[{"taxonomy":"category","embeddable":true,"href":"https:\/\/www.europesays.com\/pt\/wp-json\/wp\/v2\/categories?post=107937"},{"taxonomy":"post_tag","embeddable":true,"href":"https:\/\/www.europesays.com\/pt\/wp-json\/wp\/v2\/tags?post=107937"}],"curies":[{"name":"wp","href":"https:\/\/api.w.org\/{rel}","templated":true}]}}