{"id":107984,"date":"2025-10-12T18:34:06","date_gmt":"2025-10-12T18:34:06","guid":{"rendered":"https:\/\/www.europesays.com\/pt\/107984\/"},"modified":"2025-10-12T18:34:06","modified_gmt":"2025-10-12T18:34:06","slug":"vem-ai-mais-uma-edicao-da-festa-da-leitura","status":"publish","type":"post","link":"https:\/\/www.europesays.com\/pt\/107984\/","title":{"rendered":"Vem a\u00ed mais uma edi\u00e7\u00e3o da Festa da Leitura"},"content":{"rendered":"<p>Hist\u00f3rias, contos, m\u00fasica, dan\u00e7a e brincadeira voltam a tomar conta do Parque Municipal da Moita.<\/p>\n<p>De 30 de maio a 1 de junho a leitura estar\u00e1 em evid\u00eancia em mais uma edi\u00e7\u00e3o da Festa da Leitura, iniciativa da C\u00e2mara Municipal da Moita e da Rede de Bibliotecas que pretende mostrar a import\u00e2ncia dos livros na nossa vida.<\/p>\n<p>As atividades, ser\u00e3o muitas e dirigidas a todos os membros de toda a fam\u00edlia, uma vez que abrangem todas as faixas et\u00e1rias.<\/p>\n<p>Para al\u00e9m do Parque Municipal da Moita, algumas destas iniciativas v\u00e3o acontecer, tamb\u00e9m, na Biblioteca Municipal Bento de Jesus Cara\u00e7a.<\/p>\n<p>Desporto, anima\u00e7\u00e3o de rua, pinturas faciais, Feira do Livro, insufl\u00e1veis, venda de doces e gelados, s\u00e3o o mote para um fim de semana cheio de anima\u00e7\u00e3o. A Feira da Leitura ir\u00e1, ainda, contar com a presen\u00e7a Centro de Recolha Oficial de Animais Errantes da Moita e dos Servi\u00e7os Sociais da C\u00e2mara Municipal da Moita.<\/p>\n<p>De destacar que o dia 1 de junho, Dia Da Crian\u00e7a, ser\u00e1 um dia cheio de atividades, com destaque para o teatro \u201cUm Presente Especial\u201d, da Gatem e para o mini show da Masha e o Urso.<\/p>\n<p>Marque j\u00e1 na sua agenda, veja o programa completo <a href=\"https:\/\/www.cm-moita.pt\/cmmoita\/uploads\/writer_file\/document\/10002\/programadigital.pdf\" target=\"_blank\" data-smiledocument=\"smiledocument\" class=\"writer_file_document pdf\" rel=\"nofollow noopener\">aqui<\/a>.<\/p>\n","protected":false},"excerpt":{"rendered":"Hist\u00f3rias, contos, m\u00fasica, dan\u00e7a e brincadeira voltam a tomar conta do Parque Municipal da Moita. De 30 de&hellip;\n","protected":false},"author":2,"featured_media":107985,"comment_status":"","ping_status":"","sticky":false,"template":"","format":"standard","meta":{"footnotes":""},"categories":[143],"tags":[169,114,115,170,32,33],"class_list":{"0":"post-107984","1":"post","2":"type-post","3":"status-publish","4":"format-standard","5":"has-post-thumbnail","7":"category-livros","8":"tag-books","9":"tag-entertainment","10":"tag-entretenimento","11":"tag-livros","12":"tag-portugal","13":"tag-pt"},"share_on_mastodon":{"url":"","error":""},"_links":{"self":[{"href":"https:\/\/www.europesays.com\/pt\/wp-json\/wp\/v2\/posts\/107984","targetHints":{"allow":["GET"]}}],"collection":[{"href":"https:\/\/www.europesays.com\/pt\/wp-json\/wp\/v2\/posts"}],"about":[{"href":"https:\/\/www.europesays.com\/pt\/wp-json\/wp\/v2\/types\/post"}],"author":[{"embeddable":true,"href":"https:\/\/www.europesays.com\/pt\/wp-json\/wp\/v2\/users\/2"}],"replies":[{"embeddable":true,"href":"https:\/\/www.europesays.com\/pt\/wp-json\/wp\/v2\/comments?post=107984"}],"version-history":[{"count":0,"href":"https:\/\/www.europesays.com\/pt\/wp-json\/wp\/v2\/posts\/107984\/revisions"}],"wp:featuredmedia":[{"embeddable":true,"href":"https:\/\/www.europesays.com\/pt\/wp-json\/wp\/v2\/media\/107985"}],"wp:attachment":[{"href":"https:\/\/www.europesays.com\/pt\/wp-json\/wp\/v2\/media?parent=107984"}],"wp:term":[{"taxonomy":"category","embeddable":true,"href":"https:\/\/www.europesays.com\/pt\/wp-json\/wp\/v2\/categories?post=107984"},{"taxonomy":"post_tag","embeddable":true,"href":"https:\/\/www.europesays.com\/pt\/wp-json\/wp\/v2\/tags?post=107984"}],"curies":[{"name":"wp","href":"https:\/\/api.w.org\/{rel}","templated":true}]}}