{"id":107998,"date":"2025-10-12T18:44:16","date_gmt":"2025-10-12T18:44:16","guid":{"rendered":"https:\/\/www.europesays.com\/pt\/107998\/"},"modified":"2025-10-12T18:44:16","modified_gmt":"2025-10-12T18:44:16","slug":"candidato-do-ps-em-braga-queixa-se-de-agressao-por-elemento-da-cdu","status":"publish","type":"post","link":"https:\/\/www.europesays.com\/pt\/107998\/","title":{"rendered":"Candidato do PS em Braga queixa-se de agress\u00e3o por elemento da CDU"},"content":{"rendered":"<p>Na queixa entregue na Mesa local, diz que se deslocou, pelas 9.30 horas, \u00e0 sec\u00e7\u00e3o de voto de Pan\u00f3ias e, depois de cumprimentar outros candidatos e delegados presentes, foi \u00e0 Mesa de Apoio para falar com a Secret\u00e1ria, para proceder \u00e0 entrega da credencial, como delegado suplente.<\/p>\n<p data-remotead-prev-elm=\"true\" data-remotead-elm-id=\"inread\">&#8220;Nesse momento, entra na Sec\u00e7\u00e3o de voto o candidato n.\u00ba 2 pela Lista da CDU e come\u00e7a imediatamente a elevar o seu tom de voz, agredindo-me verbalmente com express\u00f5es &#8220;desapare\u00e7a daqui!&#8221;, &#8220;ponha-se j\u00e1 na rua&#8221;, &#8220;n\u00e3o tem que estar aqui&#8221;, entre outras express\u00f5es mais injuriosas e sempre com um tom de voz imperativo&#8221;. A seguir &#8211; sublinha -, dirigiu-se de igual forma ao Delegado da Coliga\u00e7\u00e3o &#8220;Juntos por Braga&#8221; (PSD\/CDS\/PPM).<\/p>\n<p>O delegado socialista afirma, ainda: &#8220;depois, e sem que me tenha apercebido, aproximou-se de mim, e agrediu-me violentamente, com um soco na zona lateral lombar direita. Imediatamente, amarrou no virado esquerdo do meu casaco, claramente, numa atitude provocat\u00f3ria e de apelo \u00e0 resposta com agress\u00e3o&#8221;.<\/p>\n<p data-remotead-prev-elm=\"true\" data-remotead-elm-id=\"centro1\">E, prosseguindo, diz: &#8220;Nesse momento constrangedor e de humilha\u00e7\u00e3o, perante todos os presentes, pronunciei em voz alta que tinha sido agredido, o que confirmado de imediato pela Secret\u00e1ria da Mesa&#8221;. O candidato do PS garante que &#8220;assistiram a este triste e lament\u00e1vel espet\u00e1culo&#8221;, muitos eleitores que aguardavam pela sua vez, para exercer o seu direito de voto. E tamb\u00e9m, por todos os elementos que constituem a Mesa Eleitoral e, por diversos delegados de v\u00e1rias for\u00e7as pol\u00edticas, nomeadamente, da CDU, Coliga\u00e7\u00e3o Juntos por Braga, do Chega, e do Partido Socialista.<\/p>\n<p>O JN contactou a CDU (PCP\/PEV) de Braga, que desvalorizou o incidente, dizendo que n\u00e3o tem conhecimento pleno do caso, mas que, a ter acontecido, a responsabilidade ser\u00e1 dos dois envolvidos. A Uni\u00e3o de Freguesias \u00e9 a \u00fanica que, em Braga, \u00e9 gerida pela CDU, mas o seu presidente completa tr\u00eas mandatos, pelo que n\u00e3o se pode recandidatar.<\/p>\n","protected":false},"excerpt":{"rendered":"Na queixa entregue na Mesa local, diz que se deslocou, pelas 9.30 horas, \u00e0 sec\u00e7\u00e3o de voto de&hellip;\n","protected":false},"author":2,"featured_media":107999,"comment_status":"","ping_status":"","sticky":false,"template":"","format":"standard","meta":{"footnotes":""},"categories":[10],"tags":[1912,27,28,22615,17593,15,16,14,25,26,21,22,12,13,19,20,32,23,24,33,17,18,29,30,31],"class_list":{"0":"post-107998","1":"post","2":"type-post","3":"status-publish","4":"format-standard","5":"has-post-thumbnail","7":"category-portugal","8":"tag-braga","9":"tag-breaking-news","10":"tag-breakingnews","11":"tag-concelho-braga","12":"tag-eleicoes-autarquicas","13":"tag-featured-news","14":"tag-featurednews","15":"tag-headlines","16":"tag-latest-news","17":"tag-latestnews","18":"tag-main-news","19":"tag-mainnews","20":"tag-news","21":"tag-noticias","22":"tag-noticias-principais","23":"tag-noticiasprincipais","24":"tag-portugal","25":"tag-principais-noticias","26":"tag-principaisnoticias","27":"tag-pt","28":"tag-top-stories","29":"tag-topstories","30":"tag-ultimas","31":"tag-ultimas-noticias","32":"tag-ultimasnoticias"},"share_on_mastodon":{"url":"","error":""},"_links":{"self":[{"href":"https:\/\/www.europesays.com\/pt\/wp-json\/wp\/v2\/posts\/107998","targetHints":{"allow":["GET"]}}],"collection":[{"href":"https:\/\/www.europesays.com\/pt\/wp-json\/wp\/v2\/posts"}],"about":[{"href":"https:\/\/www.europesays.com\/pt\/wp-json\/wp\/v2\/types\/post"}],"author":[{"embeddable":true,"href":"https:\/\/www.europesays.com\/pt\/wp-json\/wp\/v2\/users\/2"}],"replies":[{"embeddable":true,"href":"https:\/\/www.europesays.com\/pt\/wp-json\/wp\/v2\/comments?post=107998"}],"version-history":[{"count":0,"href":"https:\/\/www.europesays.com\/pt\/wp-json\/wp\/v2\/posts\/107998\/revisions"}],"wp:featuredmedia":[{"embeddable":true,"href":"https:\/\/www.europesays.com\/pt\/wp-json\/wp\/v2\/media\/107999"}],"wp:attachment":[{"href":"https:\/\/www.europesays.com\/pt\/wp-json\/wp\/v2\/media?parent=107998"}],"wp:term":[{"taxonomy":"category","embeddable":true,"href":"https:\/\/www.europesays.com\/pt\/wp-json\/wp\/v2\/categories?post=107998"},{"taxonomy":"post_tag","embeddable":true,"href":"https:\/\/www.europesays.com\/pt\/wp-json\/wp\/v2\/tags?post=107998"}],"curies":[{"name":"wp","href":"https:\/\/api.w.org\/{rel}","templated":true}]}}