{"id":108000,"date":"2025-10-12T18:45:14","date_gmt":"2025-10-12T18:45:14","guid":{"rendered":"https:\/\/www.europesays.com\/pt\/108000\/"},"modified":"2025-10-12T18:45:14","modified_gmt":"2025-10-12T18:45:14","slug":"autarquicas-2025-abstencao-entre-os-43-e-os-48","status":"publish","type":"post","link":"https:\/\/www.europesays.com\/pt\/108000\/","title":{"rendered":"Aut\u00e1rquicas 2025. Absten\u00e7\u00e3o entre os 43% e os 48%"},"content":{"rendered":"<p>&#13;<br \/>\nA taxa de absten\u00e7\u00e3o em elei\u00e7\u00f5es aut\u00e1rquicas tem estado acima dos 40 por cento desde 2009 e nas \u00faltimas elei\u00e7\u00f5es, h\u00e1 quatro anos, registou-se a segunda mais alta percentagem, 46,35 por cento, um pouco abaixo do valor recorde de 47,4 por cento atingido em 2013.&#13;\n<\/p>\n<p>&#13;<br \/>\nA aflu\u00eancia \u00e0s urnas para as elei\u00e7\u00f5es aut\u00e1rquicas deste domingo era de 43,42 por cento at\u00e9 \u00e0s 16h00, valor superior ao registado \u00e0 mesma hora em 2021, segundo dados da Secretaria-Geral do Minist\u00e9rio da Administra\u00e7\u00e3o Interna.<br \/>&#13;<\/p>\n","protected":false},"excerpt":{"rendered":"&#13; A taxa de absten\u00e7\u00e3o em elei\u00e7\u00f5es aut\u00e1rquicas tem estado acima dos 40 por cento desde 2009 e&hellip;\n","protected":false},"author":2,"featured_media":108001,"comment_status":"","ping_status":"","sticky":false,"template":"","format":"standard","meta":{"footnotes":""},"categories":[8],"tags":[27,28,15,16,14,25,26,21,22,12,13,19,20,32,23,24,33,420,421,17,18,29,30,31],"class_list":{"0":"post-108000","1":"post","2":"type-post","3":"status-publish","4":"format-standard","5":"has-post-thumbnail","7":"category-principais-noticias","8":"tag-breaking-news","9":"tag-breakingnews","10":"tag-featured-news","11":"tag-featurednews","12":"tag-headlines","13":"tag-latest-news","14":"tag-latestnews","15":"tag-main-news","16":"tag-mainnews","17":"tag-news","18":"tag-noticias","19":"tag-noticias-principais","20":"tag-noticiasprincipais","21":"tag-portugal","22":"tag-principais-noticias","23":"tag-principaisnoticias","24":"tag-pt","25":"tag-rtp","26":"tag-rtp-noticias","27":"tag-top-stories","28":"tag-topstories","29":"tag-ultimas","30":"tag-ultimas-noticias","31":"tag-ultimasnoticias"},"share_on_mastodon":{"url":"","error":""},"_links":{"self":[{"href":"https:\/\/www.europesays.com\/pt\/wp-json\/wp\/v2\/posts\/108000","targetHints":{"allow":["GET"]}}],"collection":[{"href":"https:\/\/www.europesays.com\/pt\/wp-json\/wp\/v2\/posts"}],"about":[{"href":"https:\/\/www.europesays.com\/pt\/wp-json\/wp\/v2\/types\/post"}],"author":[{"embeddable":true,"href":"https:\/\/www.europesays.com\/pt\/wp-json\/wp\/v2\/users\/2"}],"replies":[{"embeddable":true,"href":"https:\/\/www.europesays.com\/pt\/wp-json\/wp\/v2\/comments?post=108000"}],"version-history":[{"count":0,"href":"https:\/\/www.europesays.com\/pt\/wp-json\/wp\/v2\/posts\/108000\/revisions"}],"wp:featuredmedia":[{"embeddable":true,"href":"https:\/\/www.europesays.com\/pt\/wp-json\/wp\/v2\/media\/108001"}],"wp:attachment":[{"href":"https:\/\/www.europesays.com\/pt\/wp-json\/wp\/v2\/media?parent=108000"}],"wp:term":[{"taxonomy":"category","embeddable":true,"href":"https:\/\/www.europesays.com\/pt\/wp-json\/wp\/v2\/categories?post=108000"},{"taxonomy":"post_tag","embeddable":true,"href":"https:\/\/www.europesays.com\/pt\/wp-json\/wp\/v2\/tags?post=108000"}],"curies":[{"name":"wp","href":"https:\/\/api.w.org\/{rel}","templated":true}]}}