{"id":108006,"date":"2025-10-12T18:58:11","date_gmt":"2025-10-12T18:58:11","guid":{"rendered":"https:\/\/www.europesays.com\/pt\/108006\/"},"modified":"2025-10-12T18:58:11","modified_gmt":"2025-10-12T18:58:11","slug":"benfica-marca-mais-de-100-pontos-e-cilindra-sporting-em-alvalade-basquetebol","status":"publish","type":"post","link":"https:\/\/www.europesays.com\/pt\/108006\/","title":{"rendered":"Benfica marca mais de 100 pontos e cilindra Sporting em Alvalade | Basquetebol"},"content":{"rendered":"<p>O Benfica derrotou neste domingo o Sporting por 103-66, em jogo a contar para a segunda jornada do campeonato nacional de basquetebol. Com este triunfo, as &#8220;\u00e1guias&#8221; subiram ao topo da classifica\u00e7\u00e3o, juntamente com Ovarense e Imortal.<\/p>\n<p>Num encontro disputado no pavilh\u00e3o Jo\u00e3o Rocha, o dom\u00ednio dos benfiquistas foi arrasador. Basta referir que a \u00fanica vez que o Sporting esteve em vantagem no marcador foi quando o resultado se fixou em 3-2.<\/p>\n<p>A partir da\u00ed a dist\u00e2ncia entre os dois rivais foi crescendo e, no final do primeiro quarto j\u00e1 se fixava em 25-17.<\/p>\n<p>A equipa de Norberto Alves foi dilatando a vantagem e nem o esfor\u00e7o de Francisco Amarante &#8211; o menos mau dos &#8220;le\u00f5es&#8221; com oito pontos, 11 ressaltos e tr\u00eas assist\u00eancias) impediu que, ao intervalo, a diferen\u00e7a fosse j\u00e1 de 21 pontos (54-33).<\/p>\n<p>Com Eugene Crandall (autor de 17 pontos no final da partida) em destaque, as &#8220;\u00e1guias&#8221; mantiveram o ritmo e, aproveitando as muitas perdas de bola do Sporting foram cimentando o triunfo por n\u00fameros cada vez mais pesados.<\/p>\n<p>O Benfica terminou o encontro com 37% de efic\u00e1cia em lan\u00e7amentos de tr\u00eas pontos, um registo que ajuda a explicar os 103-66 com que terminou a partida, muito perto da maior vit\u00f3ria de sempre do Benfica sobre o Sporting, alcan\u00e7ada em 2023 (101-57).<\/p>\n","protected":false},"excerpt":{"rendered":"O Benfica derrotou neste domingo o Sporting por 103-66, em jogo a contar para a segunda jornada do&hellip;\n","protected":false},"author":2,"featured_media":108007,"comment_status":"","ping_status":"","sticky":false,"template":"","format":"standard","meta":{"footnotes":""},"categories":[87],"tags":[2694,135,1867,542,32,33,3099,34,134],"class_list":{"0":"post-108006","1":"post","2":"type-post","3":"status-publish","4":"format-standard","5":"has-post-thumbnail","7":"category-desporto","8":"tag-basquetebol","9":"tag-desporto","10":"tag-outras-modalidades","11":"tag-para-redes","12":"tag-portugal","13":"tag-pt","14":"tag-sl-benfica","15":"tag-sporting","16":"tag-sports"},"share_on_mastodon":{"url":"","error":""},"_links":{"self":[{"href":"https:\/\/www.europesays.com\/pt\/wp-json\/wp\/v2\/posts\/108006","targetHints":{"allow":["GET"]}}],"collection":[{"href":"https:\/\/www.europesays.com\/pt\/wp-json\/wp\/v2\/posts"}],"about":[{"href":"https:\/\/www.europesays.com\/pt\/wp-json\/wp\/v2\/types\/post"}],"author":[{"embeddable":true,"href":"https:\/\/www.europesays.com\/pt\/wp-json\/wp\/v2\/users\/2"}],"replies":[{"embeddable":true,"href":"https:\/\/www.europesays.com\/pt\/wp-json\/wp\/v2\/comments?post=108006"}],"version-history":[{"count":0,"href":"https:\/\/www.europesays.com\/pt\/wp-json\/wp\/v2\/posts\/108006\/revisions"}],"wp:featuredmedia":[{"embeddable":true,"href":"https:\/\/www.europesays.com\/pt\/wp-json\/wp\/v2\/media\/108007"}],"wp:attachment":[{"href":"https:\/\/www.europesays.com\/pt\/wp-json\/wp\/v2\/media?parent=108006"}],"wp:term":[{"taxonomy":"category","embeddable":true,"href":"https:\/\/www.europesays.com\/pt\/wp-json\/wp\/v2\/categories?post=108006"},{"taxonomy":"post_tag","embeddable":true,"href":"https:\/\/www.europesays.com\/pt\/wp-json\/wp\/v2\/tags?post=108006"}],"curies":[{"name":"wp","href":"https:\/\/api.w.org\/{rel}","templated":true}]}}