{"id":108020,"date":"2025-10-12T19:06:10","date_gmt":"2025-10-12T19:06:10","guid":{"rendered":"https:\/\/www.europesays.com\/pt\/108020\/"},"modified":"2025-10-12T19:06:10","modified_gmt":"2025-10-12T19:06:10","slug":"bruna-biancardi-desabafa-sobre-filhas-ficarem-doentes-ao-mesmo-tempo","status":"publish","type":"post","link":"https:\/\/www.europesays.com\/pt\/108020\/","title":{"rendered":"Bruna Biancardi desabafa sobre filhas ficarem doentes ao mesmo tempo"},"content":{"rendered":"<p>No \u00faltimo s\u00e1bado, 11, a influenciadora <a href=\"https:\/\/caras.com.br\/tags\/bruna-biancardi\" rel=\"nofollow noopener\" target=\"_blank\"><strong>Bruna Biancardi<\/strong><\/a> abriu seu cora\u00e7\u00e3o em suas redes sociais. A famosa revelou que suas filhas <a href=\"https:\/\/caras.com.br\/tags\/mavie\" rel=\"nofollow noopener\" target=\"_blank\"><strong>Mavie<\/strong> <\/a>e <strong>Mel<\/strong>, frutos de seu relacionamento com <a href=\"https:\/\/caras.com.br\/tags\/neymar\" rel=\"nofollow noopener\" target=\"_blank\"><strong>Neymar Jr<\/strong><\/a>, ficaram doentes ao mesmo tempo. Ela explicou que sumiu das redes sociais, a fim de cuidar das pequenas, que j\u00e1 est\u00e3o melhores no momento.<\/p>\n<p>\u201cEsses \u00faltimos dias foram chatinhos. Elas duas ficaram doentes, mas agora tudo bem\u201d, escreveu Bruna Biancardi em seus stories. O texto veio acompanhado de uma foto da mam\u00e3e recebendo carinhos das duas herdeiras.<\/p>\n<p>Mavie comemora anivers\u00e1rio em \u2018festa simples\u2019<\/p>\n<p>Filha mais velha de Neymar Jr e Bruna Biancardi, Mavie,<a href=\"https:\/\/caras.com.br\/datas-especiais\/neymar-jr-e-bruna-biancardi-fazem-festinha-simples-para-mavie-em-casa.phtml\" rel=\"nofollow noopener\" target=\"_blank\"> celebrou seu anivers\u00e1rio na \u00faltima semana<\/a>. A pequena completou 2 anos e foi recebida com um bolinho em casa ao lado de familiares e amigos pr\u00f3ximos.<\/p>\n<p>Nas redes sociais, o atleta e a influenciadora publicaram registros da data especial. Os papais escolheram o tema bailarina para a decora\u00e7\u00e3o, e contou com docinhos e um bolo personalizado com flores. A herdeira tamb\u00e9m aproveitou \u00e0 tarde com as amigas, em um ch\u00e1 das princesas, condecora\u00e7\u00f5es de itens de personagens da Disney.<\/p>\n<p>Apesar da festa \u201csimples\u201d, no in\u00edcio de outubro a arteira celebrou seu anivers\u00e1rio antecipado, com um fest\u00e3o no litoral de S\u00e3o Paulo. O evento tamb\u00e9m foi tem\u00e1tico, e contou com os personagens Branca de Neve, Moana, Cinderela e Chapeuzinho Vermelho.<\/p>\n<p>Mavie recebe surpresa de Davi Lucca<\/p>\n<p>Na manh\u00e3 de seu anivers\u00e1rio, Mavie foi surpreendida com um presente especial do irm\u00e3o mais velho, <strong>Davi Lucca<\/strong>, e da m\u00e3e do adolescente, <strong>Carol Dantas<\/strong>. A fim de comemorar os dois anos da pequena, o primog\u00eanito do jogador enviou uma cesta de caf\u00e9 da manh\u00e3 recheada para a irm\u00e3 mais nova.<\/p>\n<p>\u201cTia Carol, Vini Martinez [esposo de Carol], Tintim [filho mais novo do casal] e irm\u00e3o [Davi Lucca] mesmo de longe se fizeram presentes e mandaram uma cesta linda, cheia de comidinhas para a idade dela, bolo, docinhos sem a\u00e7\u00facar e muitos bal\u00f5es. Pensaram em todos os detalhes!\u201d, escreveu Bruna na legenda de sua publica\u00e7\u00e3o.<\/p>\n<p><strong>Leia tamb\u00e9m:\u00a0<\/strong><a href=\"https:\/\/caras.com.br\/atualidades\/veja-o-comentario-que-poliana-rocha-deixou-em-nova-foto-de-bruna-biancardi.phtml\" rel=\"nofollow noopener\" target=\"_blank\">Veja o coment\u00e1rio que Poliana Rocha deixou em nova foto de Bruna Biancardi<\/a><\/p>\n<p>        <a href=\"https:\/\/caras.com.br\/autor\/giovanna-f-campos\" rel=\"nofollow noopener\" target=\"_blank\">&#13;<br \/>\n          <img loading=\"lazy\" decoding=\"async\" alt=\"Giovanna F Campos\" src=\"https:\/\/www.europesays.com\/pt\/wp-content\/uploads\/2025\/09\/525986578_1657136028311574_5510063872310493577_n-150x150.jpg\" class=\"avatar avatar-115 photo rounded-circle\" height=\"115\" width=\"115\"\/>        <\/a><\/p>\n<p>Giovanna F Campos \u00e9 estudante de jornalismo pela Faculdade C\u00e1sper L\u00edbero, apaixonada por entretenimento e literatura.<\/p>\n","protected":false},"excerpt":{"rendered":"No \u00faltimo s\u00e1bado, 11, a influenciadora Bruna Biancardi abriu seu cora\u00e7\u00e3o em suas redes sociais. A famosa revelou&hellip;\n","protected":false},"author":2,"featured_media":108021,"comment_status":"","ping_status":"","sticky":false,"template":"","format":"standard","meta":{"footnotes":""},"categories":[145],"tags":[4290,211,210,114,115,25816,1994,1995,6039,32,33,117],"class_list":{"0":"post-108020","1":"post","2":"type-post","3":"status-publish","4":"format-standard","5":"has-post-thumbnail","7":"category-celebridades","8":"tag-bruna-biancardi","9":"tag-celebridades","10":"tag-celebrities","11":"tag-entertainment","12":"tag-entretenimento","13":"tag-filha-neymar-jr","14":"tag-mavie","15":"tag-mel","16":"tag-neymar-jr","17":"tag-portugal","18":"tag-pt","19":"tag-saude"},"share_on_mastodon":{"url":"","error":""},"_links":{"self":[{"href":"https:\/\/www.europesays.com\/pt\/wp-json\/wp\/v2\/posts\/108020","targetHints":{"allow":["GET"]}}],"collection":[{"href":"https:\/\/www.europesays.com\/pt\/wp-json\/wp\/v2\/posts"}],"about":[{"href":"https:\/\/www.europesays.com\/pt\/wp-json\/wp\/v2\/types\/post"}],"author":[{"embeddable":true,"href":"https:\/\/www.europesays.com\/pt\/wp-json\/wp\/v2\/users\/2"}],"replies":[{"embeddable":true,"href":"https:\/\/www.europesays.com\/pt\/wp-json\/wp\/v2\/comments?post=108020"}],"version-history":[{"count":0,"href":"https:\/\/www.europesays.com\/pt\/wp-json\/wp\/v2\/posts\/108020\/revisions"}],"wp:featuredmedia":[{"embeddable":true,"href":"https:\/\/www.europesays.com\/pt\/wp-json\/wp\/v2\/media\/108021"}],"wp:attachment":[{"href":"https:\/\/www.europesays.com\/pt\/wp-json\/wp\/v2\/media?parent=108020"}],"wp:term":[{"taxonomy":"category","embeddable":true,"href":"https:\/\/www.europesays.com\/pt\/wp-json\/wp\/v2\/categories?post=108020"},{"taxonomy":"post_tag","embeddable":true,"href":"https:\/\/www.europesays.com\/pt\/wp-json\/wp\/v2\/tags?post=108020"}],"curies":[{"name":"wp","href":"https:\/\/api.w.org\/{rel}","templated":true}]}}