{"id":108022,"date":"2025-10-12T19:09:09","date_gmt":"2025-10-12T19:09:09","guid":{"rendered":"https:\/\/www.europesays.com\/pt\/108022\/"},"modified":"2025-10-12T19:09:09","modified_gmt":"2025-10-12T19:09:09","slug":"cotado-ao-oscar-wagner-moura-nao-quer-mais-saber-de-novelas","status":"publish","type":"post","link":"https:\/\/www.europesays.com\/pt\/108022\/","title":{"rendered":"Cotado ao Oscar, Wagner Moura n\u00e3o quer mais saber de novelas"},"content":{"rendered":"<p>O ator <a href=\"https:\/\/natelinha.uol.com.br\/famosos\/tudo-sobre\/wagner-moura\" rel=\"nofollow noopener\" target=\"_blank\">Wagner Moura<\/a> anunciou que n\u00e3o tem planos de voltar a atuar em novelas. Cotado ao Oscar em 2026, ele deixou claro que n\u00e3o se trata de um preconceito, mas quer dist\u00e2ncia do formato brasileiro que ele nunca chegou a ter grande proximidade, j\u00e1 que n\u00e3o consolidou sua carreira no formato.<\/p>\n<p>continua depois da publicidade<\/p>\n<p>O compromisso prolongado das novelas, que pode se estender por quase um ano, tem levado v\u00e1rios atores a se afastarem desse formato tradicional. Moura participou de apenas duas novelas durante sua carreira: A Lua Me Disse e Para\u00edso Tropical, na qual interpretou o vil\u00e3o Olavo Novaes.<\/p>\n<p>+\u00a0<a href=\"https:\/\/natelinha.uol.com.br\/natelona\/2025\/10\/12\/ingrid-guimaraes-decide-nao-ir-mais-a-premiacoes-e-critica-desvalorizacao-da-comedia-232518.php\" rel=\"nofollow noopener\" target=\"_blank\">Ingrid Guimar\u00e3es decide n\u00e3o ir mais a premia\u00e7\u00f5es e critica desvaloriza\u00e7\u00e3o da com\u00e9dia<\/a><\/p>\n<p>+\u00a0<a href=\"https:\/\/natelinha.uol.com.br\/colunas\/tvxtv\/2025\/10\/12\/atuacao-da-semana-malu-galli-enaltece-tia-celina-em-vale-tudo-232517.php\" rel=\"nofollow noopener\" target=\"_blank\">Atua\u00e7\u00e3o da Semana: Malu Galli enaltece tia Celina em Vale Tudo<\/a><\/p>\n<p>Desde ent\u00e3o, ele concentrou sua trajet\u00f3ria no cinema e nas s\u00e9ries internacionais. Reconhecido mundialmente, coleciona pr\u00eamios e indica\u00e7\u00f5es, incluindo um Globo de Ouro, por seu trabalho como protagonista da s\u00e9rie Narcos, da Netflix.<\/p>\n<p>continua depois da publicidade<\/p>\n<p>Recentemente, seu destaque ficou ainda maior com a atua\u00e7\u00e3o no filme <strong>O Agente Secreto<\/strong>, dirigido por Kleber Mendon\u00e7a Filho, que representa o Brasil no Oscar 2026, categoria na qual ele figura como favorito para garantir uma indica\u00e7\u00e3o e com chance real de vit\u00f3ria.<\/p>\n<p>Em entrevista ao influenciador Hugo Gloss, Moura explicou sua decis\u00e3o: \u201cFiz duas novelas que gostei muito e aprendi demais, mas \u00e9 um compromisso enorme, quase um ano inteiro\u201d. Ele disse ainda que j\u00e1 recebeu convites para retornar, mas recusou. \u201cUma s\u00e9rie, talvez. Demora menos\u201d.<\/p>\n<p>continua depois da publicidade<\/p>\n<p>Essa postura est\u00e1 alinhada a movimentos semelhantes de outros atores brasileiros. <a href=\"https:\/\/natelinha.uol.com.br\/famosos\/tudo-sobre\/ana-paula-arosio\" rel=\"nofollow noopener\" target=\"_blank\">Ana Paula Ar\u00f3sio<\/a>, exemplo emblem\u00e1tico, abandonou a televis\u00e3o e as novelas para proteger sua qualidade de vida.<\/p>\n<p><a href=\"https:\/\/natelinha.uol.com.br\/famosos\/tudo-sobre\/rodrigo-santoro\" rel=\"nofollow noopener\" target=\"_blank\">Rodrigo Santoro<\/a> escolheu o cinema internacional, atuando em grandes produ\u00e7\u00f5es hollywoodianas. Caio Castro tamb\u00e9m se afastou das novelas por prefer\u00eancia e pelo ritmo intenso das grava\u00e7\u00f5es. Nomes como Gl\u00f3ria Pires e at\u00e9 Ant\u00f4nio Fagundes caminharam para o distanciamento com o formato.<\/p>\n<p>continua depois da publicidade<\/p>\n<p>Mas Wagner Moura tem uma rela\u00e7\u00e3o diferente. Isso porque ele tem apenas duas obras no seu curr\u00edculo, j\u00e1 que seu foco sempre foi o cinema. Depois do sucesso de Tropa de Elite e da continua\u00e7\u00e3o do longa, ele consolidou sua carreira internacional e, desde ent\u00e3o, focou no trabalho em Hollywood, ainda que tenha aparecido em longas nacionais.<\/p>\n","protected":false},"excerpt":{"rendered":"O ator Wagner Moura anunciou que n\u00e3o tem planos de voltar a atuar em novelas. Cotado ao Oscar&hellip;\n","protected":false},"author":2,"featured_media":108023,"comment_status":"","ping_status":"","sticky":false,"template":"","format":"standard","meta":{"footnotes":""},"categories":[142],"tags":[114,115,32,33,151,12348],"class_list":{"0":"post-108022","1":"post","2":"type-post","3":"status-publish","4":"format-standard","5":"has-post-thumbnail","7":"category-tv","8":"tag-entertainment","9":"tag-entretenimento","10":"tag-portugal","11":"tag-pt","12":"tag-tv","13":"tag-wagner-moura"},"share_on_mastodon":{"url":"","error":""},"_links":{"self":[{"href":"https:\/\/www.europesays.com\/pt\/wp-json\/wp\/v2\/posts\/108022","targetHints":{"allow":["GET"]}}],"collection":[{"href":"https:\/\/www.europesays.com\/pt\/wp-json\/wp\/v2\/posts"}],"about":[{"href":"https:\/\/www.europesays.com\/pt\/wp-json\/wp\/v2\/types\/post"}],"author":[{"embeddable":true,"href":"https:\/\/www.europesays.com\/pt\/wp-json\/wp\/v2\/users\/2"}],"replies":[{"embeddable":true,"href":"https:\/\/www.europesays.com\/pt\/wp-json\/wp\/v2\/comments?post=108022"}],"version-history":[{"count":0,"href":"https:\/\/www.europesays.com\/pt\/wp-json\/wp\/v2\/posts\/108022\/revisions"}],"wp:featuredmedia":[{"embeddable":true,"href":"https:\/\/www.europesays.com\/pt\/wp-json\/wp\/v2\/media\/108023"}],"wp:attachment":[{"href":"https:\/\/www.europesays.com\/pt\/wp-json\/wp\/v2\/media?parent=108022"}],"wp:term":[{"taxonomy":"category","embeddable":true,"href":"https:\/\/www.europesays.com\/pt\/wp-json\/wp\/v2\/categories?post=108022"},{"taxonomy":"post_tag","embeddable":true,"href":"https:\/\/www.europesays.com\/pt\/wp-json\/wp\/v2\/tags?post=108022"}],"curies":[{"name":"wp","href":"https:\/\/api.w.org\/{rel}","templated":true}]}}