{"id":108024,"date":"2025-10-12T19:12:11","date_gmt":"2025-10-12T19:12:11","guid":{"rendered":"https:\/\/www.europesays.com\/pt\/108024\/"},"modified":"2025-10-12T19:12:11","modified_gmt":"2025-10-12T19:12:11","slug":"ja-ha-sete-treinadores-portugueses-na-liga-saudita","status":"publish","type":"post","link":"https:\/\/www.europesays.com\/pt\/108024\/","title":{"rendered":"J\u00e1 h\u00e1 sete treinadores portugueses na Liga Saudita"},"content":{"rendered":"<p>O treinador portugu\u00eas S\u00e9rgio Concei\u00e7\u00e3o foi anunciado esta semana como o novo treinador do Al Ittihad, clube saudita. Com a chegada de Concei\u00e7\u00e3o, a Liga saudita (cujo nome oficial \u00e9 Roshn Saudi League) passa a ter sete treinadores portugueses entre as 18 equipas, com S\u00e9rgio Concei\u00e7\u00e3o a juntar-se a Jorge Jesus (Al Nassr), Pedro Emanuel (Al Fayha), Armando Evangelista (Damac), Jos\u00e9 Gomes (Al Fateh), M\u00e1rio Silva (Al Najmah) e Paulo S\u00e9rgio (Al Akhdoud), sendo que os quatro \u00faltimos ocupam, respetivamente, as derradeiras posi\u00e7\u00f5es do campeonato.<\/p>\n<p>No Al Ittihad, campe\u00e3o saudita e atual terceiro classificado da liga local, Concei\u00e7\u00e3o vai reencontrar Danilo Pereira, com o qual trabalhou no FC Porto entre 2017 e 2020 e que \u00e9 um dos dois portugueses do plantel, a par de Roger Fernandes, contratado ao Sporting de Braga.<\/p>\n<p>S\u00e9rgio Concei\u00e7\u00e3o, de 50 anos, esteve parte da \u00faltima temporada no AC Milan, ao servi\u00e7o do qual conquistou a Superta\u00e7a italiana, depois de ter estado sete temporadas no comando do FC Porto, nas quais venceu tr\u00eas campeonatos, quatro Ta\u00e7as de Portugal, tr\u00eas Superta\u00e7as e uma Ta\u00e7a da Liga.<\/p>\n<p>Antes, o antigo internacional portugu\u00eas tinha dirigido Olhanense, Acad\u00e9mica, Sporting de Braga e Vit\u00f3ria de Guimar\u00e3es, em Portugal, e os franceses do Nantes.<\/p>\n<p>com Lusa<\/p>\n","protected":false},"excerpt":{"rendered":"O treinador portugu\u00eas S\u00e9rgio Concei\u00e7\u00e3o foi anunciado esta semana como o novo treinador do Al Ittihad, clube saudita.&hellip;\n","protected":false},"author":2,"featured_media":108025,"comment_status":"","ping_status":"","sticky":false,"template":"","format":"standard","meta":{"footnotes":""},"categories":[87],"tags":[135,32,33,134],"class_list":{"0":"post-108024","1":"post","2":"type-post","3":"status-publish","4":"format-standard","5":"has-post-thumbnail","7":"category-desporto","8":"tag-desporto","9":"tag-portugal","10":"tag-pt","11":"tag-sports"},"share_on_mastodon":{"url":"","error":""},"_links":{"self":[{"href":"https:\/\/www.europesays.com\/pt\/wp-json\/wp\/v2\/posts\/108024","targetHints":{"allow":["GET"]}}],"collection":[{"href":"https:\/\/www.europesays.com\/pt\/wp-json\/wp\/v2\/posts"}],"about":[{"href":"https:\/\/www.europesays.com\/pt\/wp-json\/wp\/v2\/types\/post"}],"author":[{"embeddable":true,"href":"https:\/\/www.europesays.com\/pt\/wp-json\/wp\/v2\/users\/2"}],"replies":[{"embeddable":true,"href":"https:\/\/www.europesays.com\/pt\/wp-json\/wp\/v2\/comments?post=108024"}],"version-history":[{"count":0,"href":"https:\/\/www.europesays.com\/pt\/wp-json\/wp\/v2\/posts\/108024\/revisions"}],"wp:featuredmedia":[{"embeddable":true,"href":"https:\/\/www.europesays.com\/pt\/wp-json\/wp\/v2\/media\/108025"}],"wp:attachment":[{"href":"https:\/\/www.europesays.com\/pt\/wp-json\/wp\/v2\/media?parent=108024"}],"wp:term":[{"taxonomy":"category","embeddable":true,"href":"https:\/\/www.europesays.com\/pt\/wp-json\/wp\/v2\/categories?post=108024"},{"taxonomy":"post_tag","embeddable":true,"href":"https:\/\/www.europesays.com\/pt\/wp-json\/wp\/v2\/tags?post=108024"}],"curies":[{"name":"wp","href":"https:\/\/api.w.org\/{rel}","templated":true}]}}