{"id":108028,"date":"2025-10-12T19:15:23","date_gmt":"2025-10-12T19:15:23","guid":{"rendered":"https:\/\/www.europesays.com\/pt\/108028\/"},"modified":"2025-10-12T19:15:23","modified_gmt":"2025-10-12T19:15:23","slug":"whatsapp-testa-recurso-para-incluir-link-do-facebook-no-perfil-do-aplicativo","status":"publish","type":"post","link":"https:\/\/www.europesays.com\/pt\/108028\/","title":{"rendered":"WhatsApp testa recurso para incluir link do Facebook no perfil do aplicativo"},"content":{"rendered":"<p>O WhatsApp come\u00e7ou a testar um novo recurso que permite adicionar o link do perfil do Facebook diretamente no perfil do mensageiro. A novidade foi identificada na <strong>vers\u00e3o 2.25.29.16 do WhatsApp Beta para Android<\/strong> e deve chegar futuramente a todos os usu\u00e1rios, segundo informa\u00e7\u00f5es do portal especializado WABetaInfo.<\/p>\n<p>Integra\u00e7\u00e3o com o Facebook dentro do WhatsApp<\/p>\n<p>A funcionalidade funciona de forma semelhante \u00e0 integra\u00e7\u00e3o j\u00e1 existente com o Instagram, permitindo que o usu\u00e1rio insira seu nome de usu\u00e1rio do Facebook nas informa\u00e7\u00f5es de perfil do WhatsApp. Com isso, ser\u00e1 poss\u00edvel acessar o perfil da rede social com apenas um toque, facilitando a comunica\u00e7\u00e3o e o networking entre contatos dentro do ecossistema da Meta.<\/p>\n<p>O objetivo \u00e9 aproximar as contas das diferentes plataformas da empresa, unificando a presen\u00e7a digital dos usu\u00e1rios e tornando a experi\u00eancia mais fluida entre os servi\u00e7os.<\/p>\n<p>Verifica\u00e7\u00e3o e privacidade<\/p>\n<p><img loading=\"lazy\" decoding=\"async\" width=\"800\" height=\"593\" src=\"https:\/\/www.europesays.com\/pt\/wp-content\/uploads\/2025\/10\/whatsapp-link-facebook.webp.webp\" alt=\"whatsapp link facebook\" class=\"wp-image-124124\" title=\"WhatsApp testa recurso para incluir link do Facebook no perfil do aplicativo\"  \/><\/p>\n<p>A inclus\u00e3o do link do Facebook tamb\u00e9m trar\u00e1 uma camada adicional de verifica\u00e7\u00e3o. Caso o perfil do WhatsApp esteja vinculado \u00e0 Central de Contas da Meta, o link exibir\u00e1 o selo de conta verificada, confirmando que o perfil pertence realmente ao usu\u00e1rio.<\/p>\n<p>Esse sistema reduz o risco de falsifica\u00e7\u00f5es e aumenta a confian\u00e7a nas intera\u00e7\u00f5es dentro do aplicativo.<\/p>\n<p>A funcionalidade ser\u00e1 totalmente opcional e poder\u00e1 ser configurada nas op\u00e7\u00f5es de privacidade. O usu\u00e1rio poder\u00e1 definir quem pode visualizar o link \u2014 todos os contatos, grupos espec\u00edficos ou ningu\u00e9m \u2014 garantindo controle total sobre a exposi\u00e7\u00e3o do perfil.<\/p>\n<p>Por enquanto, o recurso est\u00e1 limitado ao WhatsApp Beta para Android, ainda em fase de testes. No entanto, h\u00e1 ind\u00edcios de que a novidade tamb\u00e9m ser\u00e1 disponibilizada em breve para dispositivos iOS.<\/p>\n","protected":false},"excerpt":{"rendered":"O WhatsApp come\u00e7ou a testar um novo recurso que permite adicionar o link do perfil do Facebook diretamente&hellip;\n","protected":false},"author":2,"featured_media":108029,"comment_status":"","ping_status":"","sticky":false,"template":"","format":"standard","meta":{"footnotes":""},"categories":[84],"tags":[109,107,108,32,33,105,103,104,106,110],"class_list":{"0":"post-108028","1":"post","2":"type-post","3":"status-publish","4":"format-standard","5":"has-post-thumbnail","7":"category-ciencia-e-tecnologia","8":"tag-ciencia","9":"tag-ciencia-e-tecnologia","10":"tag-cienciaetecnologia","11":"tag-portugal","12":"tag-pt","13":"tag-science","14":"tag-science-and-technology","15":"tag-scienceandtechnology","16":"tag-technology","17":"tag-tecnologia"},"share_on_mastodon":{"url":"","error":""},"_links":{"self":[{"href":"https:\/\/www.europesays.com\/pt\/wp-json\/wp\/v2\/posts\/108028","targetHints":{"allow":["GET"]}}],"collection":[{"href":"https:\/\/www.europesays.com\/pt\/wp-json\/wp\/v2\/posts"}],"about":[{"href":"https:\/\/www.europesays.com\/pt\/wp-json\/wp\/v2\/types\/post"}],"author":[{"embeddable":true,"href":"https:\/\/www.europesays.com\/pt\/wp-json\/wp\/v2\/users\/2"}],"replies":[{"embeddable":true,"href":"https:\/\/www.europesays.com\/pt\/wp-json\/wp\/v2\/comments?post=108028"}],"version-history":[{"count":0,"href":"https:\/\/www.europesays.com\/pt\/wp-json\/wp\/v2\/posts\/108028\/revisions"}],"wp:featuredmedia":[{"embeddable":true,"href":"https:\/\/www.europesays.com\/pt\/wp-json\/wp\/v2\/media\/108029"}],"wp:attachment":[{"href":"https:\/\/www.europesays.com\/pt\/wp-json\/wp\/v2\/media?parent=108028"}],"wp:term":[{"taxonomy":"category","embeddable":true,"href":"https:\/\/www.europesays.com\/pt\/wp-json\/wp\/v2\/categories?post=108028"},{"taxonomy":"post_tag","embeddable":true,"href":"https:\/\/www.europesays.com\/pt\/wp-json\/wp\/v2\/tags?post=108028"}],"curies":[{"name":"wp","href":"https:\/\/api.w.org\/{rel}","templated":true}]}}