{"id":108030,"date":"2025-10-12T19:16:13","date_gmt":"2025-10-12T19:16:13","guid":{"rendered":"https:\/\/www.europesays.com\/pt\/108030\/"},"modified":"2025-10-12T19:16:13","modified_gmt":"2025-10-12T19:16:13","slug":"depois-das-tampas-conheca-as-novas-regras-da-ue-que-vao-transformar-as-garrafas-de-plastico","status":"publish","type":"post","link":"https:\/\/www.europesays.com\/pt\/108030\/","title":{"rendered":"Depois das tampas: conhe\u00e7a as novas regras da UE que v\u00e3o &#8216;transformar&#8217; as garrafas de pl\u00e1stico"},"content":{"rendered":"<p><strong>Ap\u00f3s a integra\u00e7\u00e3o das tampas que ficam presas \u00e0s garrafas de pl\u00e1stico, obrigat\u00f3rias na Uni\u00e3o Europeia (UE) desde 3 de julho de 2024 para todas as embalagens de bebidas at\u00e9 3 litros, segue-se uma nova vaga de mudan\u00e7as. O objetivo \u00e9 claro: reduzir o impacto ambiental do pl\u00e1stico e aumentar as taxas de reciclagem em todos os Estados-Membros.<\/strong><\/p>\n<p class=\"has-medium-font-size\"><strong>Limitar desperd\u00edcios<\/strong><\/p>\n<p>As novas regras fazem parte de uma estrat\u00e9gia europeia para promover a economia circular, refor\u00e7ando as metas de utiliza\u00e7\u00e3o de materiais reciclados e impondo limites ao desperd\u00edcio de pl\u00e1stico virgem. Trata-se de um esfor\u00e7o conjunto entre governos, fabricantes e consumidores para diminuir o volume de res\u00edduos gerados e otimizar o reaproveitamento de recursos.<\/p>\n<p>A novidade mais relevante \u00e9 o refor\u00e7o do conte\u00fado reciclado nas garrafas de bebidas. Desde 2025, as garrafas de PET passam a ter de integrar pelo menos 25% de pl\u00e1stico reciclado, em m\u00e9dia, por Estado-Membro. A partir de 2030, esta meta ser\u00e1 alargada a todas as garrafas de pl\u00e1stico, que ter\u00e3o de conter pelo menos 30% de material reciclado.<\/p>\n<p>Esta medida complementa as regras j\u00e1 em vigor relativas ao design das embalagens, que incluem a obrigatoriedade de as tampas permanecerem presas \u00e0s garrafas. Juntas, estas altera\u00e7\u00f5es representam um passo importante para reduzir o desperd\u00edcio e facilitar a reciclagem integral das embalagens.<\/p>\n<p class=\"has-medium-font-size\"><strong>Mais f\u00e1ceis de reciclar e com menos pl\u00e1stico virgem<\/strong><\/p>\n<p>Com o novo Regulamento (UE) 2025\/40, publicado no <a href=\"https:\/\/eur-lex.europa.eu\/oj\/direct-access.html?locale=pt\" target=\"_blank\" rel=\"noreferrer noopener nofollow\">Jornal Oficial da UE <\/a>sobre embalagens e res\u00edduos de embalagens (PPWR), as empresas passam a ter de demonstrar que utilizam o peso e o volume m\u00ednimos necess\u00e1rios para garantir a funcionalidade da embalagem, evitando o uso excessivo de pl\u00e1stico.<\/p>\n<p>A norma exige ainda que seja limitado o chamado \u201cespa\u00e7o vazio\u201d dentro das embalagens, algo comum em formatos de produtos com volume reduzido. O objetivo \u00e9 incentivar o uso de solu\u00e7\u00f5es mais leves e eficientes, sempre que tecnicamente poss\u00edvel, sem comprometer a resist\u00eancia ou a seguran\u00e7a dos recipientes.<\/p>\n<p>Isto significa que, nos pr\u00f3ximos anos, as garrafas de pl\u00e1stico ser\u00e3o mais finas, leves e adaptadas \u00e0 reciclagem em larga escala. Menos material virgem ser\u00e1 utilizado e, ao mesmo tempo, os fabricantes ter\u00e3o de garantir que os produtos continuam seguros para transporte e consumo.<\/p>\n<p class=\"has-medium-font-size\"><strong>Novidades nas tampas<\/strong><\/p>\n<p>As fabricantes est\u00e3o igualmente a investir em novos mecanismos de fecho que cumpram a norma harmonizada europeia. Esta norma estabelece os requisitos t\u00e9cnicos e de ensaio que garantem que a tampa permanece presa \u00e0 garrafa durante todo o uso, desde a abertura at\u00e9 ao momento da reciclagem.<\/p>\n<p>Segundo as orienta\u00e7\u00f5es publicadas em 2023, os testes devem provar que a tampa resiste a manipula\u00e7\u00f5es repetidas sem se soltar e que pode ser reciclada em conjunto com o corpo da garrafa. Com isto, pretende-se evitar que as tampas sejam descartadas separadamente, uma das causas mais comuns de lixo marinho nas praias europeias.<\/p>\n<p>Esta inova\u00e7\u00e3o representa uma mudan\u00e7a significativa na forma como as empresas projetam as embalagens. Embora exija investimento em novos moldes e linhas de produ\u00e7\u00e3o, o benef\u00edcio ambiental \u00e9 claro: menos res\u00edduos, maior taxa de recolha e uma reciclagem mais eficiente.<\/p>\n<p class=\"has-medium-font-size\"><strong>E os \u201cbiopl\u00e1sticos\u201d?<\/strong><\/p>\n<p>Uma das quest\u00f5es mais debatidas tem sido a dos biopl\u00e1sticos e materiais biodegrad\u00e1veis. O novo regulamento esclarece que n\u00e3o existe obriga\u00e7\u00e3o de os utilizar nas garrafas de bebidas, e que estes materiais s\u00f3 devem ser aplicados em contextos onde tragam benef\u00edcios ambientais comprovados.<\/p>\n<p>A pol\u00edtica europeia distingue entre pl\u00e1sticos biobaseados, fabricados a partir de mat\u00e9rias-primas renov\u00e1veis, e pl\u00e1sticos biodegrad\u00e1veis, que se decomp\u00f5em em certas condi\u00e7\u00f5es espec\u00edficas. No entanto, a Comiss\u00e3o Europeia sublinha que a prioridade \u00e9 garantir a reciclabilidade, especialmente no caso do PET transparente, que j\u00e1 possui um circuito de reciclagem consolidado e eficaz em v\u00e1rios pa\u00edses.<\/p>\n<p>Assim, o foco n\u00e3o est\u00e1 em substituir o pl\u00e1stico por biopl\u00e1sticos, mas sim em aumentar o uso de material reciclado, melhorar a recolha e refor\u00e7ar a qualidade do processo de reciclagem em toda a cadeia produtiva.<\/p>\n<p class=\"has-medium-font-size\"><strong>Porqu\u00ea as tampas presas?<\/strong><\/p>\n<p>As tampas soltas s\u00e3o, h\u00e1 anos, um dos res\u00edduos pl\u00e1sticos mais encontrados nas praias europeias. Pequenas e leves, t\u00eam uma grande probabilidade de se dispersar na natureza e acabar no oceano. Com as novas regras, as tampas presas \u00e0 garrafa passam a ter maior probabilidade de serem recolhidas e recicladas em conjunto com a embalagem, reduzindo significativamente a polui\u00e7\u00e3o.<\/p>\n<p>Esta medida faz parte de um conjunto mais vasto de pol\u00edticas ambientais da UE, que incluem metas de recolha seletiva e de reutiliza\u00e7\u00e3o de embalagens. O objetivo \u00e9 claro: garantir que, at\u00e9 2030, todos os pl\u00e1sticos usados em produtos de consumo possam ser reaproveitados, reciclados ou compostos de forma segura.<\/p>\n<p class=\"has-medium-font-size\"><strong>Um futuro com menos pl\u00e1stico e mais circularidade<\/strong><\/p>\n<p>Com estas mudan\u00e7as, a UE refor\u00e7a o seu papel como l\u00edder global na transi\u00e7\u00e3o ecol\u00f3gica. Ao mesmo tempo, desafia os fabricantes a inovar e a repensar os seus processos de produ\u00e7\u00e3o, com embalagens mais sustent\u00e1veis e materiais mais f\u00e1ceis de reciclar.<\/p>\n<p>Para os consumidores, a diferen\u00e7a ser\u00e1 vis\u00edvel: garrafas mais leves, tampas presas e r\u00f3tulos mais claros sobre o conte\u00fado reciclado. Pequenas altera\u00e7\u00f5es que, no conjunto, ter\u00e3o um grande impacto na redu\u00e7\u00e3o do pl\u00e1stico no ambiente e na cria\u00e7\u00e3o de um sistema de economia circular mais eficiente.<\/p>\n<p><strong>Leia tamb\u00e9m: <a href=\"https:\/\/postal.pt\/europa\/britanicos-lancam-aviso-sobre-quem-vai-viajar-para-portugal-e-nao-so-novas-regras-entram-em-vigor-ja-em-outubro\/\" rel=\"nofollow noopener\" target=\"_blank\">Brit\u00e2nicos lan\u00e7am aviso sobre quem vai viajar para Portugal (e n\u00e3o s\u00f3): novas regras entram em vigor j\u00e1 em outubro<\/a><\/strong><\/p>\n","protected":false},"excerpt":{"rendered":"Ap\u00f3s a integra\u00e7\u00e3o das tampas que ficam presas \u00e0s garrafas de pl\u00e1stico, obrigat\u00f3rias na Uni\u00e3o Europeia (UE) desde&hellip;\n","protected":false},"author":2,"featured_media":108031,"comment_status":"","ping_status":"","sticky":false,"template":"","format":"standard","meta":{"footnotes":""},"categories":[83],"tags":[88,89,90,32,33],"class_list":{"0":"post-108030","1":"post","2":"type-post","3":"status-publish","4":"format-standard","5":"has-post-thumbnail","7":"category-empresas","8":"tag-business","9":"tag-economy","10":"tag-empresas","11":"tag-portugal","12":"tag-pt"},"share_on_mastodon":{"url":"","error":""},"_links":{"self":[{"href":"https:\/\/www.europesays.com\/pt\/wp-json\/wp\/v2\/posts\/108030","targetHints":{"allow":["GET"]}}],"collection":[{"href":"https:\/\/www.europesays.com\/pt\/wp-json\/wp\/v2\/posts"}],"about":[{"href":"https:\/\/www.europesays.com\/pt\/wp-json\/wp\/v2\/types\/post"}],"author":[{"embeddable":true,"href":"https:\/\/www.europesays.com\/pt\/wp-json\/wp\/v2\/users\/2"}],"replies":[{"embeddable":true,"href":"https:\/\/www.europesays.com\/pt\/wp-json\/wp\/v2\/comments?post=108030"}],"version-history":[{"count":0,"href":"https:\/\/www.europesays.com\/pt\/wp-json\/wp\/v2\/posts\/108030\/revisions"}],"wp:featuredmedia":[{"embeddable":true,"href":"https:\/\/www.europesays.com\/pt\/wp-json\/wp\/v2\/media\/108031"}],"wp:attachment":[{"href":"https:\/\/www.europesays.com\/pt\/wp-json\/wp\/v2\/media?parent=108030"}],"wp:term":[{"taxonomy":"category","embeddable":true,"href":"https:\/\/www.europesays.com\/pt\/wp-json\/wp\/v2\/categories?post=108030"},{"taxonomy":"post_tag","embeddable":true,"href":"https:\/\/www.europesays.com\/pt\/wp-json\/wp\/v2\/tags?post=108030"}],"curies":[{"name":"wp","href":"https:\/\/api.w.org\/{rel}","templated":true}]}}