{"id":108032,"date":"2025-10-12T19:18:38","date_gmt":"2025-10-12T19:18:38","guid":{"rendered":"https:\/\/www.europesays.com\/pt\/108032\/"},"modified":"2025-10-12T19:18:38","modified_gmt":"2025-10-12T19:18:38","slug":"quando-a-realidade-ultrapassa-a-ficcao-a-vida-de-crime-de-antonino-quinci-o-verdadeiro-narcotraficante-de-rabo-de-peixe-flash-pt","status":"publish","type":"post","link":"https:\/\/www.europesays.com\/pt\/108032\/","title":{"rendered":"Quando a realidade ultrapassa a fic\u00e7\u00e3o: a vida de crime de Antonino Quinci, o verdadeiro narcotraficante de &#039;Rabo de Peixe&#039; &#8211; Flash.pt"},"content":{"rendered":"<ol>\n<li><a href=\"https:\/\/news.google.com\/rss\/articles\/CBMi_wFBVV95cUxONjA5U3lrdXVFMC0tbmxVTlctRlZaTnVUWW8wRDNTS1RnWDlUcmdQenpIN3NNX19wNjFGQ2xGRUpBd0pOWlJySWNyNjlPYV9INDhKUUpjY3lLeFhkeTlPQjdNeWlISmV6bFZIRDJLdld1Uk51T1VlZGhybTJ3ZG1VYmtJbS0ybUE5TkRmaXVhN1A4Ym9mcUVPN3E2anNQNm56NUV3UzQybDNTRzQ4X3NnRGFfbFgxSUgyQlpYRndRZm1Bb2pNQkxLU3p3X2JOWHZHc2U0VGdhb285dmhfOEJXdHlGaEprTVNZclRKUXdsZFhrcU5yVzk4UDMxSzBKeU3SAfoBQVVfeXFMT05taFNteU5wQ010azVSS1NtVW5tSXQzRTB5OFhMOWJ1VFE4VnVFelp3QWZLcU9SaHBzdFN4clZRTXBIUHlhUGtHbzUwU2hZdko0eHQ0ajN6ZE0tajVQVzVIbzdnbU5UM25xaVJVMlRISEJXVzhraVlNN0J1QnJIQ21BUGJLd25rYlhtQnVVZHZ2OWtXR2QxcXRqcE03UW5xeVBhN2NwbnJuOE9oQ0Y2YlRHcDZTazBBMW9aaUdQLW9EOHh2dUVWWmVBZnNjV0x1eGVtN3JLdmN0SDhDc0F6LTQ5VV9maDJDeVdQWlpqVnRqcXN5akhOMnBHdw?oc=5\" target=\"_blank\" rel=\"nofollow noopener\">Quando a realidade ultrapassa a fic\u00e7\u00e3o: a vida de crime de Antonino Quinci, o verdadeiro narcotraficante de &#8216;Rabo de Peixe&#8217;<\/a>&nbsp;&nbsp;Flash.pt<\/li>\n<li><a href=\"https:\/\/news.google.com\/rss\/articles\/CBMisAFBVV95cUxQWTlTSF84aVJnd2FiSERuSlR1WnVmR1NzQVd2M05VdHJFMlFCT0YtYk56bUdrZlJZbzduZzcxUWZKanZxZUQzV05yZDZBaHozdEZRekVQSVdjSWhMcUtIS0VWZVZ6Z0dKdzV2SjludjkwUnVKNTNUZFltTTlGamFwV1c2NmVKZWU1cFlyVGx6RlQ0MzNPRUlwU2NzOEtWUWY0am51S1hIYm9RV3IxczFBNA?oc=5\" target=\"_blank\" rel=\"nofollow noopener\">Quem \u00e9 Antonino Quinci, o c\u00e9lebre narcotraficante de Rabo de Peixe?<\/a>&nbsp;&nbsp;Correio da Manh\u00e3<\/li>\n<li><a href=\"https:\/\/news.google.com\/rss\/articles\/CBMi1gFBVV95cUxNWXBDSjRRM09jQXUyalpNUWtVU1ZzUTRZSDZvQUZVcU9VdFI0WWxUeUJyZS13U1lSTU1nVUpTN3lOOWREWUVPcWZKd0hhZ2ZLZ0NHUE1EbjNaNjZFVlQza3pkRXNkTERDczNmdGdmSjNZNVY4NGk0R1dLV29GMnhROXdwdk1MLUd6Y1pLY0pFQTJDRUV5dElRYjI4QXRzZEMxRDlzT3EzTkhKRE5WR0tsUHVKLU1YR0JXR0t2cVBzY04xdUNzY2ozTnNVaEtMMjZIdWhfdGlB?oc=5\" target=\"_blank\" rel=\"nofollow noopener\">J\u00e1 vimos o primeiro epis\u00f3dio do document\u00e1rio &#8220;Rabo de Peixe: A Verdadeira Hist\u00f3ria&#8221; \u2014 e contamos-lhe tudo<\/a>&nbsp;&nbsp;MAGG<\/li>\n<li><a href=\"https:\/\/news.google.com\/rss\/articles\/CBMickFVX3lxTE93VzZEVnp4cFFIUGxsYnEyZ2VTelpRNS1zRkZTNkxabXdtZTAyNVhXWTVzaTZLVzhGSU1aYTE1WmVKSzBmSDNKSk02Rk9YalF3YVk0SjJ5ZFR4ZEFRYWhwQkFhTTNTZkJOOEVyWHA1NDFaZw?oc=5\" target=\"_blank\" rel=\"nofollow noopener\">A verdade sobre Rabo de Peixe<\/a>&nbsp;&nbsp;S\u00c1BADO<\/li>\n<li><a href=\"https:\/\/news.google.com\/rss\/articles\/CBMi0wFBVV95cUxPZnRKTEZtcmxWa0V3YjVaYW5IOVJPQzRNZFphaDJ0cFhlZTNOa3ZQYXQ1MUZHNWpPU0RZMFdPYjlNZERZTzRCT2REaVVOSW94WHNfZkp0WF9TMGUyT2YtZEdrYVJ6cUFFRG94RlJDdlFjQkFPV1YwWHk2QTA0N2xtQ2dLbFd0REZ6U1QtY0VQbURLVERXN0k0MXJIZzByZ3pyNTRTX0l6NnRWVlNXb1NLVDFucmxtLXJOakZsU3FCQ29wc1BqZ0c5aWttUF92SnBKTW13?oc=5\" target=\"_blank\" rel=\"nofollow noopener\">Rabo de Peixe: veleiro da droga \u00e9 barco de recreio<\/a>&nbsp;&nbsp;Correio da Manh\u00e3<\/li>\n<\/ol>\n","protected":false},"excerpt":{"rendered":"Quando a realidade ultrapassa a fic\u00e7\u00e3o: a vida de crime de Antonino Quinci, o verdadeiro narcotraficante de &#8216;Rabo&hellip;\n","protected":false},"author":2,"featured_media":105934,"comment_status":"","ping_status":"","sticky":false,"template":"","format":"standard","meta":{"footnotes":""},"categories":[10],"tags":[27,28,15,16,14,25,26,21,22,12,13,19,20,32,23,24,33,17,18,29,30,31],"class_list":{"0":"post-108032","1":"post","2":"type-post","3":"status-publish","4":"format-standard","5":"has-post-thumbnail","7":"category-portugal","8":"tag-breaking-news","9":"tag-breakingnews","10":"tag-featured-news","11":"tag-featurednews","12":"tag-headlines","13":"tag-latest-news","14":"tag-latestnews","15":"tag-main-news","16":"tag-mainnews","17":"tag-news","18":"tag-noticias","19":"tag-noticias-principais","20":"tag-noticiasprincipais","21":"tag-portugal","22":"tag-principais-noticias","23":"tag-principaisnoticias","24":"tag-pt","25":"tag-top-stories","26":"tag-topstories","27":"tag-ultimas","28":"tag-ultimas-noticias","29":"tag-ultimasnoticias"},"share_on_mastodon":{"url":"","error":""},"_links":{"self":[{"href":"https:\/\/www.europesays.com\/pt\/wp-json\/wp\/v2\/posts\/108032","targetHints":{"allow":["GET"]}}],"collection":[{"href":"https:\/\/www.europesays.com\/pt\/wp-json\/wp\/v2\/posts"}],"about":[{"href":"https:\/\/www.europesays.com\/pt\/wp-json\/wp\/v2\/types\/post"}],"author":[{"embeddable":true,"href":"https:\/\/www.europesays.com\/pt\/wp-json\/wp\/v2\/users\/2"}],"replies":[{"embeddable":true,"href":"https:\/\/www.europesays.com\/pt\/wp-json\/wp\/v2\/comments?post=108032"}],"version-history":[{"count":0,"href":"https:\/\/www.europesays.com\/pt\/wp-json\/wp\/v2\/posts\/108032\/revisions"}],"wp:featuredmedia":[{"embeddable":true,"href":"https:\/\/www.europesays.com\/pt\/wp-json\/wp\/v2\/media\/105934"}],"wp:attachment":[{"href":"https:\/\/www.europesays.com\/pt\/wp-json\/wp\/v2\/media?parent=108032"}],"wp:term":[{"taxonomy":"category","embeddable":true,"href":"https:\/\/www.europesays.com\/pt\/wp-json\/wp\/v2\/categories?post=108032"},{"taxonomy":"post_tag","embeddable":true,"href":"https:\/\/www.europesays.com\/pt\/wp-json\/wp\/v2\/tags?post=108032"}],"curies":[{"name":"wp","href":"https:\/\/api.w.org\/{rel}","templated":true}]}}