{"id":108033,"date":"2025-10-12T19:19:14","date_gmt":"2025-10-12T19:19:14","guid":{"rendered":"https:\/\/www.europesays.com\/pt\/108033\/"},"modified":"2025-10-12T19:19:14","modified_gmt":"2025-10-12T19:19:14","slug":"exercito-ordenado-a-destruir-tuneis-do-hamas","status":"publish","type":"post","link":"https:\/\/www.europesays.com\/pt\/108033\/","title":{"rendered":"Ex\u00e9rcito Ordenado a Destruir T\u00faneis do Hamas"},"content":{"rendered":"<p>O ministro da Defesa israelita, Israel Katz, ordenou este domingo, 12 de outubro, ao Ex\u00e9rcito \u201cdestruir todos os t\u00faneis terroristas do Hamas em Gaza\u201d ap\u00f3s a liberta\u00e7\u00e3o dos ref\u00e9ns.<\/p>\n<p>Numa mensagem publicada na conta pessoal na rede social X, o ministro afirmou que \u201co grande desafio\u201d de Israel, depois da liberta\u00e7\u00e3o dos ref\u00e9ns, \u00e9 a destrui\u00e7\u00e3o dos t\u00faneis do Hamas na Faixa de Gaza, e disse ter dado instru\u00e7\u00f5es \u00e0s for\u00e7as armadas \u201cpara que se preparassem para cumprir a miss\u00e3o\u201d.<\/p>\n<p>\u201cEste \u00e9 o principal significado da implementa\u00e7\u00e3o do princ\u00edpio acordado de desmilitarizar Gaza e desarmar o Hamas\u201d, declarou.<\/p>\n<p>Segundo Katz, a opera\u00e7\u00e3o ser\u00e1 realizada \u201catrav\u00e9s do mecanismo internacional que ser\u00e1 criado sob a lideran\u00e7a e supervis\u00e3o dos Estados Unidos\u201d.<\/p>\n<p>Estima-se que o processo de liberta\u00e7\u00e3o dos 48 ref\u00e9ns que continuam em Gaza \u2013 dos quais se acredita que apenas 20 permanecem com vida \u2013 comece segunda-feira de manh\u00e3, segundo informou o coordenador israelita para os assuntos dos ref\u00e9ns, Gal Hirsch, \u00e0s fam\u00edlias dos cativos.<\/p>\n<p>O desmantelamento da infraestrutura militar do Hamas na Faixa de Gaza est\u00e1 igualmente previsto no acordo alcan\u00e7ado com Israel, que estabelece que, uma vez iniciado o cessar-fogo \u2013 o que ocorreu este s\u00e1bado ao meio-dia \u2013, existe um prazo de 72 horas para que o Hamas e as mil\u00edcias palestinianas libertem os ref\u00e9ns detidos em Gaza.<\/p>\n<p>No entanto, s\u00e1bado, o Hamas adiantou que n\u00e3o vai participar na assinatura oficial do acordo de paz com Israel, por, apesar de concordar com o cessar-fogo e com a troca de ref\u00e9ns israelitas por prisioneiros palestinianos, n\u00e3o aceita ser desmilitarizado.<\/p>\n","protected":false},"excerpt":{"rendered":"O ministro da Defesa israelita, Israel Katz, ordenou este domingo, 12 de outubro, ao Ex\u00e9rcito \u201cdestruir todos os&hellip;\n","protected":false},"author":2,"featured_media":108034,"comment_status":"","ping_status":"","sticky":false,"template":"","format":"standard","meta":{"footnotes":""},"categories":[8],"tags":[27,28,15,16,532,7961,14,25,26,21,22,12,13,19,20,32,23,24,33,17,18,29,30,31],"class_list":{"0":"post-108033","1":"post","2":"type-post","3":"status-publish","4":"format-standard","5":"has-post-thumbnail","7":"category-principais-noticias","8":"tag-breaking-news","9":"tag-breakingnews","10":"tag-featured-news","11":"tag-featurednews","12":"tag-gaza","13":"tag-guerra-israel-hamas","14":"tag-headlines","15":"tag-latest-news","16":"tag-latestnews","17":"tag-main-news","18":"tag-mainnews","19":"tag-news","20":"tag-noticias","21":"tag-noticias-principais","22":"tag-noticiasprincipais","23":"tag-portugal","24":"tag-principais-noticias","25":"tag-principaisnoticias","26":"tag-pt","27":"tag-top-stories","28":"tag-topstories","29":"tag-ultimas","30":"tag-ultimas-noticias","31":"tag-ultimasnoticias"},"share_on_mastodon":{"url":"","error":""},"_links":{"self":[{"href":"https:\/\/www.europesays.com\/pt\/wp-json\/wp\/v2\/posts\/108033","targetHints":{"allow":["GET"]}}],"collection":[{"href":"https:\/\/www.europesays.com\/pt\/wp-json\/wp\/v2\/posts"}],"about":[{"href":"https:\/\/www.europesays.com\/pt\/wp-json\/wp\/v2\/types\/post"}],"author":[{"embeddable":true,"href":"https:\/\/www.europesays.com\/pt\/wp-json\/wp\/v2\/users\/2"}],"replies":[{"embeddable":true,"href":"https:\/\/www.europesays.com\/pt\/wp-json\/wp\/v2\/comments?post=108033"}],"version-history":[{"count":0,"href":"https:\/\/www.europesays.com\/pt\/wp-json\/wp\/v2\/posts\/108033\/revisions"}],"wp:featuredmedia":[{"embeddable":true,"href":"https:\/\/www.europesays.com\/pt\/wp-json\/wp\/v2\/media\/108034"}],"wp:attachment":[{"href":"https:\/\/www.europesays.com\/pt\/wp-json\/wp\/v2\/media?parent=108033"}],"wp:term":[{"taxonomy":"category","embeddable":true,"href":"https:\/\/www.europesays.com\/pt\/wp-json\/wp\/v2\/categories?post=108033"},{"taxonomy":"post_tag","embeddable":true,"href":"https:\/\/www.europesays.com\/pt\/wp-json\/wp\/v2\/tags?post=108033"}],"curies":[{"name":"wp","href":"https:\/\/api.w.org\/{rel}","templated":true}]}}