{"id":108035,"date":"2025-10-12T19:20:12","date_gmt":"2025-10-12T19:20:12","guid":{"rendered":"https:\/\/www.europesays.com\/pt\/108035\/"},"modified":"2025-10-12T19:20:12","modified_gmt":"2025-10-12T19:20:12","slug":"lucas-filho-de-isabeli-fontana-e-henri-castelli-abre-planos-de-carreira-e-intercambio","status":"publish","type":"post","link":"https:\/\/www.europesays.com\/pt\/108035\/","title":{"rendered":"Lucas, filho de Isabeli Fontana e Henri Castelli, abre planos de carreira e interc\u00e2mbio"},"content":{"rendered":"<p>Lucas, filho de Isabeli Fontana, de 42 anos, com o ator Henri Castelli, de 47, est\u00e1 prestes a embarcar em uma nova fase da vida. Aos 18 anos, o jovem decidiu seguir os passos do pai e investir na carreira art\u00edstica, com foco em atua\u00e7\u00e3o e dublagem. Ele se prepara para se mudar para os Estados Unidos, onde pretende cursar faculdade e dar continuidade aos estudos na \u00e1rea.<\/p>\n<p>O ator mora em Miami, na Fl\u00f3rida, e a mudan\u00e7a aproxima ainda mais pai e filho. Animado, Lucas contou \u00e0 Quem que est\u00e1 empolgado com os pr\u00f3ximos passos. \u201cO plano que tenho em mente agora \u00e9 ir trabalhar e tamb\u00e9m fazer mais coisa de atua\u00e7\u00e3o, que estou muito interessado. Dublagem\u2026 Estou mais tentando olhar para frente\u201d, disse o rapaz, que tamb\u00e9m faz aulas de bateria.<\/p>\n<p>Isabeli, que tamb\u00e9m \u00e9 m\u00e3e de Zion, de 22 anos, fruto do relacionamento anterior com o modelo \u00c1lvaro Jacomossi, falou com carinho sobre os planos do ca\u00e7ula. \u201cMeu filho tem 18, vai fazer 19, est\u00e1 crescendo. Ele gosta muito de m\u00fasica. Come\u00e7ou na bateria e agora est\u00e1 indo para a voz, porque quer dublar, quer fazer dublagem\u201d, contou a modelo, casada com Di Ferrero.<\/p>\n<p>Segundo ela, o interesse de Lucas pelo universo da dublagem n\u00e3o \u00e9 novo. \u201cAli\u00e1s, ele j\u00e1 faz dublagem muito bem. Quando era menor, ele criava os pr\u00f3prios v\u00eddeos para o YouTube e come\u00e7ou at\u00e9 a ganhar uma grana com isso. Levou a s\u00e9rio por um tempo \u2014 e eles s\u00e3o muito bons, s\u00e3o shorts, aqueles videozinhos curtos\u201d, relembrou.<\/p>\n<p>Mesmo com o cora\u00e7\u00e3o apertado pela despedida, Isabeli diz apoiar totalmente o filho. \u201cN\u00e3o est\u00e1 sendo f\u00e1cil, mas eu quero muito os meus filhos felizes. Cada um vai seguir a sua vida e eu criei eles para realmente fazer o que amam\u201d, afirma.<\/p>\n<p>A modelo refor\u00e7a que o maior ensinamento que passou aos filhos \u00e9 o de se conhecer e perseguir os pr\u00f3prios sonhos. \u201cCriei eles para olhar pra dentro, olhar para dentro de si mesmo, ver o que voc\u00ea quer e ir atr\u00e1s. Porque a vida \u00e9 aberta, \u00e9 linda, e pode ser maravilhosa. Sua carreira s\u00f3 depende de voc\u00ea\u201d, conclui.<\/p>\n","protected":false},"excerpt":{"rendered":"Lucas, filho de Isabeli Fontana, de 42 anos, com o ator Henri Castelli, de 47, est\u00e1 prestes a&hellip;\n","protected":false},"author":2,"featured_media":108036,"comment_status":"","ping_status":"","sticky":false,"template":"","format":"standard","meta":{"footnotes":""},"categories":[145],"tags":[211,210,114,115,32,33],"class_list":{"0":"post-108035","1":"post","2":"type-post","3":"status-publish","4":"format-standard","5":"has-post-thumbnail","7":"category-celebridades","8":"tag-celebridades","9":"tag-celebrities","10":"tag-entertainment","11":"tag-entretenimento","12":"tag-portugal","13":"tag-pt"},"share_on_mastodon":{"url":"","error":""},"_links":{"self":[{"href":"https:\/\/www.europesays.com\/pt\/wp-json\/wp\/v2\/posts\/108035","targetHints":{"allow":["GET"]}}],"collection":[{"href":"https:\/\/www.europesays.com\/pt\/wp-json\/wp\/v2\/posts"}],"about":[{"href":"https:\/\/www.europesays.com\/pt\/wp-json\/wp\/v2\/types\/post"}],"author":[{"embeddable":true,"href":"https:\/\/www.europesays.com\/pt\/wp-json\/wp\/v2\/users\/2"}],"replies":[{"embeddable":true,"href":"https:\/\/www.europesays.com\/pt\/wp-json\/wp\/v2\/comments?post=108035"}],"version-history":[{"count":0,"href":"https:\/\/www.europesays.com\/pt\/wp-json\/wp\/v2\/posts\/108035\/revisions"}],"wp:featuredmedia":[{"embeddable":true,"href":"https:\/\/www.europesays.com\/pt\/wp-json\/wp\/v2\/media\/108036"}],"wp:attachment":[{"href":"https:\/\/www.europesays.com\/pt\/wp-json\/wp\/v2\/media?parent=108035"}],"wp:term":[{"taxonomy":"category","embeddable":true,"href":"https:\/\/www.europesays.com\/pt\/wp-json\/wp\/v2\/categories?post=108035"},{"taxonomy":"post_tag","embeddable":true,"href":"https:\/\/www.europesays.com\/pt\/wp-json\/wp\/v2\/tags?post=108035"}],"curies":[{"name":"wp","href":"https:\/\/api.w.org\/{rel}","templated":true}]}}