{"id":108039,"date":"2025-10-12T19:26:09","date_gmt":"2025-10-12T19:26:09","guid":{"rendered":"https:\/\/www.europesays.com\/pt\/108039\/"},"modified":"2025-10-12T19:26:09","modified_gmt":"2025-10-12T19:26:09","slug":"que-lesao-tem-sudakov-e-quando-estara-apto-especialista-detalha-a-a-bola","status":"publish","type":"post","link":"https:\/\/www.europesays.com\/pt\/108039\/","title":{"rendered":"que les\u00e3o tem Sudakov e quando estar\u00e1 apto? Especialista detalha a A BOLA"},"content":{"rendered":"<p>\u00abTraumatismo direto no ombro esquerdo com entorse acromioclavicular ligeira\u00bb. Foi com esta descri\u00e7\u00e3o que o <a class=\"autolink-enabled\" data-resource-id=\"450\" data-resource-type=\"team\" data-sport=\"football\" href=\"https:\/\/www.abola.pt\/futebol\/benfica-450\" rel=\"nofollow noopener\" target=\"_blank\">Benfica<\/a> anunciou a les\u00e3o de <a class=\"autolink-enabled\" data-resource-id=\"228169\" data-resource-type=\"player\" data-sport=\"football\" href=\"https:\/\/www.abola.pt\/futebol\/jogador\/heorhii-sudakov-228169\" rel=\"nofollow noopener\" target=\"_blank\">Heorhii Sudakov<\/a>.<\/p>\n<p>O problema com que se depara o criativo dos encarnados foi contra\u00eddo ao servi\u00e7o da sele\u00e7\u00e3o da <a class=\"autolink-enabled\" data-resource-id=\"1858\" data-resource-type=\"team\" data-sport=\"football\" href=\"https:\/\/www.abola.pt\/futebol\/ucrania-1858\" rel=\"nofollow noopener\" target=\"_blank\">Ucr\u00e2nia<\/a> \u2014 no encontro da passada sexta-feira, diante da <a class=\"autolink-enabled\" data-resource-id=\"1327\" data-resource-type=\"team\" data-sport=\"football\" href=\"https:\/\/www.abola.pt\/futebol\/islandia-1327\" rel=\"nofollow noopener\" target=\"_blank\">Isl\u00e2ndia<\/a> (5-3), referente \u00e0 3.\u00aa jornada do Grupo D de qualifica\u00e7\u00e3o para o Campeonato do Mundo de 2026, e que obrigou <a class=\"autolink-enabled\" data-resource-id=\"228169\" data-resource-type=\"player\" data-sport=\"football\" href=\"https:\/\/www.abola.pt\/futebol\/jogador\/heorhii-sudakov-228169\" rel=\"nofollow noopener\" target=\"_blank\">Sudakov<\/a> a sair do terreno de jogo ainda antes do intervalo \u2014, sendo que o camisola 10 das \u00e1guias passou a estar em risco para a desloca\u00e7\u00e3o a Tr\u00e1s-os-Montes, onde o <a class=\"autolink-enabled\" data-resource-id=\"450\" data-resource-type=\"team\" data-sport=\"football\" href=\"https:\/\/www.abola.pt\/futebol\/benfica-450\" rel=\"nofollow noopener\" target=\"_blank\">Benfica<\/a> medir\u00e1 for\u00e7as com o <a class=\"autolink-enabled\" data-resource-id=\"469\" data-resource-type=\"team\" data-sport=\"football\" href=\"https:\/\/www.abola.pt\/futebol\/chaves-469\" rel=\"nofollow noopener\" target=\"_blank\">Chaves<\/a>, na sexta-feira (19h30), por ocasi\u00e3o da 3.\u00aa eliminat\u00f3ria da <a class=\"autolink-enabled\" data-resource-id=\"112\" data-resource-type=\"competition\" data-sport=\"football\" href=\"https:\/\/www.abola.pt\/futebol\/competicao\/taca-de-portugal-112\" rel=\"nofollow noopener\" target=\"_blank\">Ta\u00e7a de Portugal<\/a>.<\/p>\n<p><strong>A BOLA<\/strong> foi tentar perceber melhor o tipo de les\u00e3o do m\u00e9dio-ofensivo das \u00e1guias e esteve \u00e0 conversa com Rui Faria, fisioterapeuta em desporto de alto rendimento. O especialista explica o que est\u00e1 em causa.<\/p>\n<p>\u00abTrata-se da articula\u00e7\u00e3o ao de cimo do ombro e que tem uma c\u00e1psula ligamentar de prote\u00e7\u00e3o. Julgo que o que est\u00e1 em causa \u00e9 a rotura de algumas fibras, o que originou a tal entorse acromioclavicular. Uma vez que o Benfica alude a uma entorse ligeira, posso depreender que se trata, eventualmente, de uma luxa\u00e7\u00e3o de grau 1, o que n\u00e3o oferece tanta perigosidade quanto isso\u00bb, projeta.<\/p>\n<p>\t\t<img decoding=\"async\" src=\"https:\/\/www.europesays.com\/pt\/wp-content\/uploads\/2025\/10\/1760297169_810_thumbs.web.sapo.io\"  loading=\"true\"\/><\/p>\n<p>                        Rui Faria aceitou o repto de A BOLA para detalhar a les\u00e3o de Sudakov &#8211; Foto: D. R.<\/p>\n<p>\u00abNo fundo, \u00e9 uma articula\u00e7\u00e3o acess\u00f3ria do ombro e n\u00e3o a articula\u00e7\u00e3o principal, o que n\u00e3o obriga o pr\u00f3prio ombro a tantos esfor\u00e7os. Nestes primeiros dias \u00e9 natural que o jogador possa sentir desconforto e at\u00e9 mesmo alguma dor, algo que poder\u00e1 ser mitigado com uma prote\u00e7\u00e3o ligamentar que aproxime os elementos que constituem a referida articula\u00e7\u00e3o. Tamb\u00e9m dever\u00e1 ser medicado, naturalmente. Mas a recupera\u00e7\u00e3o ser\u00e1 relativamente r\u00e1pida\u00bb, assume o cl\u00ednico.<\/p>\n<p>Ainda de acordo com Rui Faria, propriet\u00e1rio de v\u00e1rias cl\u00ednicas de fisioterapia, Sudakov \u00abvai poder integrar v\u00e1rias fases do treino, mas numa fase inicial devidamente protegido\u00bb. Conclu\u00edda a recupera\u00e7\u00e3o, garante, o jogador \u00abn\u00e3o ter\u00e1 quaisquer problemas futuros.<\/p>\n<p><a class=\"autolink-enabled\" data-resource-id=\"228169\" data-resource-type=\"player\" data-sport=\"football\" href=\"https:\/\/www.abola.pt\/futebol\/jogador\/heorhii-sudakov-228169\" rel=\"nofollow noopener\" target=\"_blank\">Sudakov<\/a> poder\u00e1 aspirar a ser op\u00e7\u00e3o para o duelo com o <a class=\"autolink-enabled\" data-resource-id=\"103\" data-resource-type=\"team\" data-sport=\"football\" href=\"https:\/\/www.abola.pt\/futebol\/newcastle-103\" rel=\"nofollow noopener\" target=\"_blank\">Newcastle<\/a> (dia 21), para a <a class=\"autolink-enabled\" data-resource-id=\"27\" data-resource-type=\"competition\" data-sport=\"football\" href=\"https:\/\/www.abola.pt\/futebol\/competicao\/uefa-champions-league-27\" rel=\"nofollow noopener\" target=\"_blank\">Champions<\/a>.<\/p>\n","protected":false},"excerpt":{"rendered":"\u00abTraumatismo direto no ombro esquerdo com entorse acromioclavicular ligeira\u00bb. Foi com esta descri\u00e7\u00e3o que o Benfica anunciou a&hellip;\n","protected":false},"author":2,"featured_media":108040,"comment_status":"","ping_status":"","sticky":false,"template":"","format":"standard","meta":{"footnotes":""},"categories":[87],"tags":[135,32,33,134],"class_list":{"0":"post-108039","1":"post","2":"type-post","3":"status-publish","4":"format-standard","5":"has-post-thumbnail","7":"category-desporto","8":"tag-desporto","9":"tag-portugal","10":"tag-pt","11":"tag-sports"},"share_on_mastodon":{"url":"","error":""},"_links":{"self":[{"href":"https:\/\/www.europesays.com\/pt\/wp-json\/wp\/v2\/posts\/108039","targetHints":{"allow":["GET"]}}],"collection":[{"href":"https:\/\/www.europesays.com\/pt\/wp-json\/wp\/v2\/posts"}],"about":[{"href":"https:\/\/www.europesays.com\/pt\/wp-json\/wp\/v2\/types\/post"}],"author":[{"embeddable":true,"href":"https:\/\/www.europesays.com\/pt\/wp-json\/wp\/v2\/users\/2"}],"replies":[{"embeddable":true,"href":"https:\/\/www.europesays.com\/pt\/wp-json\/wp\/v2\/comments?post=108039"}],"version-history":[{"count":0,"href":"https:\/\/www.europesays.com\/pt\/wp-json\/wp\/v2\/posts\/108039\/revisions"}],"wp:featuredmedia":[{"embeddable":true,"href":"https:\/\/www.europesays.com\/pt\/wp-json\/wp\/v2\/media\/108040"}],"wp:attachment":[{"href":"https:\/\/www.europesays.com\/pt\/wp-json\/wp\/v2\/media?parent=108039"}],"wp:term":[{"taxonomy":"category","embeddable":true,"href":"https:\/\/www.europesays.com\/pt\/wp-json\/wp\/v2\/categories?post=108039"},{"taxonomy":"post_tag","embeddable":true,"href":"https:\/\/www.europesays.com\/pt\/wp-json\/wp\/v2\/tags?post=108039"}],"curies":[{"name":"wp","href":"https:\/\/api.w.org\/{rel}","templated":true}]}}