{"id":108043,"date":"2025-10-12T19:28:08","date_gmt":"2025-10-12T19:28:08","guid":{"rendered":"https:\/\/www.europesays.com\/pt\/108043\/"},"modified":"2025-10-12T19:28:08","modified_gmt":"2025-10-12T19:28:08","slug":"morreu-ian-watkins-o-musico-dos-lostprophets-condenado-por-abuso-sexual-de-menores-crime","status":"publish","type":"post","link":"https:\/\/www.europesays.com\/pt\/108043\/","title":{"rendered":"Morreu Ian Watkins, o m\u00fasico dos Lostprophets condenado por abuso sexual de menores | Crime"},"content":{"rendered":"<p>O ped\u00f3filo Ian Watkins, ex-vocalista da banda galesa Lostprophets, morreu este s\u00e1bado, v\u00edtima de esfaqueamento, na pris\u00e3o de Wakefield, em Inglaterra, onde estava a cumprir uma pena de 29 anos (ter-se-iam somado, depois, seis anos passados em liberdade condicional). As autoridades est\u00e3o a investigar dois suspeitos, homens de 25 e 43 anos, respectivamente.<\/p>\n<p>O estabelecimento prisional, que, por incluir agressores sexuais de alto risco entre a sua popula\u00e7\u00e3o de reclusos, \u00e9 conhecido pela alcunha &#8220;Monster Mansion&#8221; (&#8220;Mans\u00e3o dos Monstros&#8221;, numa tradu\u00e7\u00e3o livre), diz n\u00e3o poder pronunciar-se sobre o caso enquanto decorre a investiga\u00e7\u00e3o policial.<\/p>\n<p>Watkins <a href=\"https:\/\/www.theguardian.com\/uk-news\/2013\/dec\/18\/ian-watkins-jailed-child-sex-crimes\" target=\"_blank\" rel=\"nofollow noopener\">declarou-se culpado<\/a>, em 2013, de 13 dos 24 crimes de abuso de menores, cometidos ao longo de cinco anos, de que era acusado. Tentou violar um beb\u00e9, abusado sexualmente num hotel em Londres tanto pelo m\u00fasico gal\u00eas como pela pr\u00f3pria m\u00e3e, ent\u00e3o com 19\/20 anos. &#8220;Corrompida&#8221; e &#8220;explorada&#8221; pelo homem por quem estava obcecada, como disse o seu advogado, foi condenada a 14 anos de pris\u00e3o.<\/p>\n<p>A uma outra mulher, pouco mais velha, foi, por sua vez, atribu\u00edda uma pena de pris\u00e3o de 17 anos. Era, nas palavras da advogada, uma jovem &#8220;muito imatura&#8221; com um dist\u00farbio de personalidade n\u00e3o diagnosticado e a enfrentar uma depress\u00e3o p\u00f3s-parto quando conheceu o m\u00fasico; foi condenada por planear, conjuntamente com Watkins, a viola\u00e7\u00e3o, por parte deste \u00faltimo, da sua filha pequena.<\/p>\n<p>Watkins declarou-se ainda culpado de v\u00e1rios crimes de cria\u00e7\u00e3o e posse de pornografia infantil (entre as provas examinadas pelo j\u00fari estavam imagens, gravadas pelo pr\u00f3prio m\u00fasico, da sua tentativa de viola\u00e7\u00e3o do beb\u00e9, assim como dos outros crimes sexuais que foram praticados contra aquele menor na mesma noite), assim como de ter na sua posse uma imagem envolvendo abuso sexual de um animal.<\/p>\n<p>&#8220;Qualquer pessoa decente que leia e ou\u00e7a o material aqui exposto sentir\u00e1 choque, repulsa, raiva e incredulidade&#8221;, disse, no dia em que foi lida a senten\u00e7a, o juiz John Royce, afirmando tamb\u00e9m que, embora muitos &#8220;casos horr\u00edveis&#8221; passem pelos olhos ou ouvidos de quem interage diariamente com a justi\u00e7a, aquele estava num patamar sem precedentes. &#8220;O que voc\u00eas os tr\u00eas fizeram&#8221;, assinalou, dirigindo-se a Watkins e \u00e0s duas m\u00e3es jovens, &#8220;atingiu novos n\u00edveis de deprava\u00e7\u00e3o&#8221;.<\/p>\n<p>A advogada do m\u00fasico sugeriu que o abuso de drogas desempenhou um &#8220;papel consider\u00e1vel&#8221; na sua hist\u00f3ria de m\u00faltiplos crimes sexuais. &#8220;Ele n\u00e3o demonstrou, em momento algum, qualquer tipo de remorso. Isso, na minha opini\u00e3o, torna-o <a href=\"https:\/\/www.theguardian.com\/uk-news\/2013\/dec\/18\/ian-watkins-dangerous-sex-offender-encountered\" target=\"_self\" rel=\"nofollow noopener\">talvez o criminoso sexual mais perigoso que alguma vez j\u00e1 vi<\/a>&#8220;, disse Peter Doyle, inspector-chefe da pol\u00edcia galesa.<\/p>\n<p>Watkins havia j\u00e1 sido esfaqueado na pris\u00e3o por tr\u00eas reclusos, que o raptaram por algumas horas dentro da pr\u00f3pria cadeia, h\u00e1 dois anos. Antes disso, em 2019, a sua pena fora ampliada em dez meses, por ter sido <a href=\"https:\/\/www.theguardian.com\/uk-news\/2019\/aug\/09\/ian-watkins-lostprophets-given-10-months-for-possessing-mobile-phone-in-prison\" target=\"_blank\" rel=\"nofollow noopener\">encontrado na posse de um telem\u00f3vel<\/a>.<\/p>\n","protected":false},"excerpt":{"rendered":"O ped\u00f3filo Ian Watkins, ex-vocalista da banda galesa Lostprophets, morreu este s\u00e1bado, v\u00edtima de esfaqueamento, na pris\u00e3o de&hellip;\n","protected":false},"author":2,"featured_media":108044,"comment_status":"","ping_status":"","sticky":false,"template":"","format":"standard","meta":{"footnotes":""},"categories":[85],"tags":[604,9936,1413,114,115,603,150,542,10529,32,33],"class_list":{"0":"post-108043","1":"post","2":"type-post","3":"status-publish","4":"format-standard","5":"has-post-thumbnail","7":"category-entretenimento","8":"tag-crime","9":"tag-crimes-sexuais","10":"tag-cultura-ipsilon","11":"tag-entertainment","12":"tag-entretenimento","13":"tag-justica","14":"tag-musica","15":"tag-para-redes","16":"tag-pedofilia","17":"tag-portugal","18":"tag-pt"},"share_on_mastodon":{"url":"","error":""},"_links":{"self":[{"href":"https:\/\/www.europesays.com\/pt\/wp-json\/wp\/v2\/posts\/108043","targetHints":{"allow":["GET"]}}],"collection":[{"href":"https:\/\/www.europesays.com\/pt\/wp-json\/wp\/v2\/posts"}],"about":[{"href":"https:\/\/www.europesays.com\/pt\/wp-json\/wp\/v2\/types\/post"}],"author":[{"embeddable":true,"href":"https:\/\/www.europesays.com\/pt\/wp-json\/wp\/v2\/users\/2"}],"replies":[{"embeddable":true,"href":"https:\/\/www.europesays.com\/pt\/wp-json\/wp\/v2\/comments?post=108043"}],"version-history":[{"count":0,"href":"https:\/\/www.europesays.com\/pt\/wp-json\/wp\/v2\/posts\/108043\/revisions"}],"wp:featuredmedia":[{"embeddable":true,"href":"https:\/\/www.europesays.com\/pt\/wp-json\/wp\/v2\/media\/108044"}],"wp:attachment":[{"href":"https:\/\/www.europesays.com\/pt\/wp-json\/wp\/v2\/media?parent=108043"}],"wp:term":[{"taxonomy":"category","embeddable":true,"href":"https:\/\/www.europesays.com\/pt\/wp-json\/wp\/v2\/categories?post=108043"},{"taxonomy":"post_tag","embeddable":true,"href":"https:\/\/www.europesays.com\/pt\/wp-json\/wp\/v2\/tags?post=108043"}],"curies":[{"name":"wp","href":"https:\/\/api.w.org\/{rel}","templated":true}]}}