{"id":108045,"date":"2025-10-12T19:29:09","date_gmt":"2025-10-12T19:29:09","guid":{"rendered":"https:\/\/www.europesays.com\/pt\/108045\/"},"modified":"2025-10-12T19:29:09","modified_gmt":"2025-10-12T19:29:09","slug":"realme-15-pro-game-of-thrones-limited-edition-chega-ao-brasil-unindo-fantasia-e-tecnologia","status":"publish","type":"post","link":"https:\/\/www.europesays.com\/pt\/108045\/","title":{"rendered":"realme 15 Pro Game of Thrones Limited Edition chega ao Brasil unindo fantasia e tecnologia"},"content":{"rendered":"<p>A realme apresenta o realme 15 Pro Game of Thrones Limited Edition, primeiro smartphone criado em parceria com a Warner Bros. Discovery Global Consumer Products, inspirado na premiada s\u00e9rie da HBO. Com design luxuoso e elementos que remetem aos Sete Reinos, o aparelho combina est\u00e9tica \u00e9pica e tecnologia de ponta, oferecendo aos f\u00e3s uma experi\u00eancia \u00fanica.<\/p>\n<p>O lan\u00e7amento aconteceu no Game of Thrones Studio Tour, na Irlanda do Norte, em um cen\u00e1rio com figurinos, drag\u00f5es e o Trono de Ferro. O smartphone traz a tecnologia Dragonfire Color-Changing, que muda de cor ao contato com calor, e possui design com couro premium, selo 3D da Casa Targaryen e m\u00f3dulo de c\u00e2meras com garras de drag\u00e3o. O kit colecionador inclui caixa tem\u00e1tica com mapa de Westeros, suporte em forma de Trono de Ferro, broche da M\u00e3o do Rei, cartas em pergaminho, adesivos e postais exclusivos.<\/p>\n<p>Em termos de desempenho, o aparelho tem tr\u00eas c\u00e2meras de 50 MP com filtros inspirados na s\u00e9rie, recursos de IA como o AI Edit Genie que permite editar imagens por comando de voz ou toque, e temas exclusivos \u201cIce\u201d e \u201cFire\u201d para uma interface cinematogr\u00e1fica. A bateria Titan de 7.000 mAh com carregamento r\u00e1pido de 80W e o processador Snapdragon\u00ae 7 Gen 4 garantem performance elevada para jogos e aplicativos.<\/p>\n<p><img fetchpriority=\"high\" decoding=\"async\" width=\"1000\" height=\"1000\" src=\"https:\/\/www.europesays.com\/pt\/wp-content\/uploads\/2025\/10\/realme-15-Pro-Game-of-Thrones-Limited-Edition-chega-ao-Brasil-unindo-fantasia-e-tecnologia-2.jpg\" alt=\"\" class=\"wp-image-33576\"  \/><\/p>\n<p>A edi\u00e7\u00e3o limitada ter\u00e1 apenas 5 mil unidades no mundo, chegando ao Brasil com 12 GB de RAM e 512 GB de armazenamento pelo pre\u00e7o de R$ 5.999. A venda ocorrer\u00e1 em breve na loja oficial da realme no Mercado Livre e nas lojas f\u00edsicas da Fast Shop.<\/p>\n<p>Com esta colabora\u00e7\u00e3o, a realme refor\u00e7a seu compromisso em oferecer inova\u00e7\u00e3o, design e experi\u00eancias \u00fanicas para os f\u00e3s da s\u00e9rie, unindo o universo de <strong>Game of Thrones<\/strong> \u00e0 tecnologia de ponta.<\/p>\n<p>Para conhecer mais sobre o realme 15 Pro Game of Thrones Limited Edition e ficar por dentro da disponibilidade, acesse o site oficial da realme <a href=\"https:\/\/www.realme.com\/br\/realme-15-pro-got-5g\" rel=\"sponsored nofollow noopener\" target=\"_blank\">clicando aqui<\/a>.<\/p>\n","protected":false},"excerpt":{"rendered":"A realme apresenta o realme 15 Pro Game of Thrones Limited Edition, primeiro smartphone criado em parceria com&hellip;\n","protected":false},"author":2,"featured_media":108046,"comment_status":"","ping_status":"","sticky":false,"template":"","format":"standard","meta":{"footnotes":""},"categories":[84],"tags":[109,107,108,32,33,105,103,104,106,110],"class_list":{"0":"post-108045","1":"post","2":"type-post","3":"status-publish","4":"format-standard","5":"has-post-thumbnail","7":"category-ciencia-e-tecnologia","8":"tag-ciencia","9":"tag-ciencia-e-tecnologia","10":"tag-cienciaetecnologia","11":"tag-portugal","12":"tag-pt","13":"tag-science","14":"tag-science-and-technology","15":"tag-scienceandtechnology","16":"tag-technology","17":"tag-tecnologia"},"share_on_mastodon":{"url":"","error":""},"_links":{"self":[{"href":"https:\/\/www.europesays.com\/pt\/wp-json\/wp\/v2\/posts\/108045","targetHints":{"allow":["GET"]}}],"collection":[{"href":"https:\/\/www.europesays.com\/pt\/wp-json\/wp\/v2\/posts"}],"about":[{"href":"https:\/\/www.europesays.com\/pt\/wp-json\/wp\/v2\/types\/post"}],"author":[{"embeddable":true,"href":"https:\/\/www.europesays.com\/pt\/wp-json\/wp\/v2\/users\/2"}],"replies":[{"embeddable":true,"href":"https:\/\/www.europesays.com\/pt\/wp-json\/wp\/v2\/comments?post=108045"}],"version-history":[{"count":0,"href":"https:\/\/www.europesays.com\/pt\/wp-json\/wp\/v2\/posts\/108045\/revisions"}],"wp:featuredmedia":[{"embeddable":true,"href":"https:\/\/www.europesays.com\/pt\/wp-json\/wp\/v2\/media\/108046"}],"wp:attachment":[{"href":"https:\/\/www.europesays.com\/pt\/wp-json\/wp\/v2\/media?parent=108045"}],"wp:term":[{"taxonomy":"category","embeddable":true,"href":"https:\/\/www.europesays.com\/pt\/wp-json\/wp\/v2\/categories?post=108045"},{"taxonomy":"post_tag","embeddable":true,"href":"https:\/\/www.europesays.com\/pt\/wp-json\/wp\/v2\/tags?post=108045"}],"curies":[{"name":"wp","href":"https:\/\/api.w.org\/{rel}","templated":true}]}}