{"id":108047,"date":"2025-10-12T19:33:16","date_gmt":"2025-10-12T19:33:16","guid":{"rendered":"https:\/\/www.europesays.com\/pt\/108047\/"},"modified":"2025-10-12T19:33:16","modified_gmt":"2025-10-12T19:33:16","slug":"autarquicas-ao-minuto-empate-tecnico-com-ligeira-vantagem-para-o-psd-em-lisboa-porto-e-sintra","status":"publish","type":"post","link":"https:\/\/www.europesays.com\/pt\/108047\/","title":{"rendered":"AUT\u00c1RQUICAS AO MINUTO | Empate t\u00e9cnico com ligeira vantagem para o PSD em Lisboa, Porto e Sintra"},"content":{"rendered":"<p>Segundo a proje\u00e7\u00e3o da TVI\/CNN Portugal, em parceria com a Pitag\u00f3rica, ICS, Iscte e GfK, h\u00e1 empate t\u00e9cnico com ligeira vantagem para o PSD nas c\u00e2maras de Lisboa, Porto e Sintra.<\/p>\n<p>Em <strong>Lisboa<\/strong>, a coliga\u00e7\u00e3o PSD\/CDS-PP\/IL liderada por Carlos Moedas obteve entre 36,8\/ a 42% das inten\u00e7\u00f5es de voto, enquanto a coliga\u00e7\u00e3o PS\/Livre\/BE\/PAN, liderada por Alexandra Leit\u00e3o, obteve entre 33,7% e 38,9% das inten\u00e7\u00f5es de voto.\u00a0<\/p>\n<p>O terceiro lugar \u00e9 disputado pelo Chega e pela CDU. De acordo com a proje\u00e7\u00e3o, a coliga\u00e7\u00e3o liderada por Jo\u00e3o Ferreira obteve entre 9% e 12,4% das inten\u00e7\u00f5es de voto, enquanto Bruno Mascarenhas, do Chega, obteve entre 7,7% e 11,1%.<\/p>\n<p>No <strong>Porto<\/strong>, tamb\u00e9m h\u00e1 empate t\u00e9cnico entre Pedro Duarte (PSD\/CDS-PP\/IL) e Manuel Pizarro (PS). A coliga\u00e7\u00e3o liderada por Pedro Duarte obteve entre 34,2% e 37,2%, enquanto Manuel Pizarro obteve entre 32% e 37,2% das inten\u00e7\u00f5es de voto. Miguel C\u00f4rte-Real, do Chega, surge em terceiro, com as inten\u00e7\u00f5es de voto a variarem entre 6,8% e 10,2%, seguido de Diana Ferreira, da CDU, com 2,4% a 5%.<\/p>\n<p>Em <strong>Sintra<\/strong>, a coliga\u00e7\u00e3o do PSD\/CDS-PP\/IL, liderada por Marco Almeida, obteve entre 32,1% e 37,3% das inten\u00e7\u00f5es de voto. Ana Mendes Godinho, que lidera a coliga\u00e7\u00e3o PS\/Livre, obteve entre 30,4% e 35,4% das inten\u00e7\u00f5es de voto. Rita Matias, do Chega, surge em terceiro, obtendo entre 19,4% e 23,6% das inten\u00e7\u00f5es de voto, seguido de Pedro Ventura, da CDU, entre 3,6% e 6,6%.<\/p>\n","protected":false},"excerpt":{"rendered":"Segundo a proje\u00e7\u00e3o da TVI\/CNN Portugal, em parceria com a Pitag\u00f3rica, ICS, Iscte e GfK, h\u00e1 empate t\u00e9cnico&hellip;\n","protected":false},"author":2,"featured_media":108048,"comment_status":"","ping_status":"","sticky":false,"template":"","format":"standard","meta":{"footnotes":""},"categories":[8],"tags":[609,611,15187,2431,454,27,28,1736,607,608,832,610,17593,15,16,301,14,4578,25,26,570,453,21,22,833,12,13,19,20,452,4532,4499,3596,52,32,23,24,455,4579,33,17,18,29,30,31,7783],"class_list":{"0":"post-108047","1":"post","2":"type-post","3":"status-publish","4":"format-standard","5":"has-post-thumbnail","7":"category-principais-noticias","8":"tag-alerta","9":"tag-ao-minuto","10":"tag-autarquicas","11":"tag-autarquicas-2025","12":"tag-bloco-de-esquerda","13":"tag-breaking-news","14":"tag-breakingnews","15":"tag-chega","16":"tag-cnn","17":"tag-cnn-portugal","18":"tag-costa","19":"tag-direto","20":"tag-eleicoes-autarquicas","21":"tag-featured-news","22":"tag-featurednews","23":"tag-governo","24":"tag-headlines","25":"tag-iniciativa-liberal","26":"tag-latest-news","27":"tag-latestnews","28":"tag-live","29":"tag-livre","30":"tag-main-news","31":"tag-mainnews","32":"tag-marcelo","33":"tag-news","34":"tag-noticias","35":"tag-noticias-principais","36":"tag-noticiasprincipais","37":"tag-pan","38":"tag-parlamento","39":"tag-partidos","40":"tag-pcp","41":"tag-politica","42":"tag-portugal","43":"tag-principais-noticias","44":"tag-principaisnoticias","45":"tag-ps","46":"tag-psd","47":"tag-pt","48":"tag-top-stories","49":"tag-topstories","50":"tag-ultimas","51":"tag-ultimas-noticias","52":"tag-ultimasnoticias","53":"tag-ventura"},"share_on_mastodon":{"url":"","error":""},"_links":{"self":[{"href":"https:\/\/www.europesays.com\/pt\/wp-json\/wp\/v2\/posts\/108047","targetHints":{"allow":["GET"]}}],"collection":[{"href":"https:\/\/www.europesays.com\/pt\/wp-json\/wp\/v2\/posts"}],"about":[{"href":"https:\/\/www.europesays.com\/pt\/wp-json\/wp\/v2\/types\/post"}],"author":[{"embeddable":true,"href":"https:\/\/www.europesays.com\/pt\/wp-json\/wp\/v2\/users\/2"}],"replies":[{"embeddable":true,"href":"https:\/\/www.europesays.com\/pt\/wp-json\/wp\/v2\/comments?post=108047"}],"version-history":[{"count":0,"href":"https:\/\/www.europesays.com\/pt\/wp-json\/wp\/v2\/posts\/108047\/revisions"}],"wp:featuredmedia":[{"embeddable":true,"href":"https:\/\/www.europesays.com\/pt\/wp-json\/wp\/v2\/media\/108048"}],"wp:attachment":[{"href":"https:\/\/www.europesays.com\/pt\/wp-json\/wp\/v2\/media?parent=108047"}],"wp:term":[{"taxonomy":"category","embeddable":true,"href":"https:\/\/www.europesays.com\/pt\/wp-json\/wp\/v2\/categories?post=108047"},{"taxonomy":"post_tag","embeddable":true,"href":"https:\/\/www.europesays.com\/pt\/wp-json\/wp\/v2\/tags?post=108047"}],"curies":[{"name":"wp","href":"https:\/\/api.w.org\/{rel}","templated":true}]}}