{"id":108049,"date":"2025-10-12T19:34:14","date_gmt":"2025-10-12T19:34:14","guid":{"rendered":"https:\/\/www.europesays.com\/pt\/108049\/"},"modified":"2025-10-12T19:34:14","modified_gmt":"2025-10-12T19:34:14","slug":"tesourinho-diogo-amaral-partilha-fotos-ineditas-do-inicio-da-relacao-com-jessica-athayde","status":"publish","type":"post","link":"https:\/\/www.europesays.com\/pt\/108049\/","title":{"rendered":"Tesourinho! Diogo Amaral partilha fotos in\u00e9ditas do in\u00edcio da rela\u00e7\u00e3o com Jessica Athayde"},"content":{"rendered":"<p>O ator abriu o ba\u00fa das recorda\u00e7\u00f5es e mostrou aos seguidores imagens nunca antes vistas do in\u00edcio da rela\u00e7\u00e3o.<\/p>\n<p>Partilhar<\/p>\n<p>Diogo Amaral e Jessica Athayde<\/p>\n<p>Adriana Morais Photography <\/p>\n<p><a href=\"https:\/\/famashow.pt\/pesquisa?q=Diogo+Amaral\" target=\"_blank\" rel=\"noopener noreferrer nofollow\"><strong>Diogo Amaral<\/strong><\/a> surpreendeu os f\u00e3s este s\u00e1bado, 11 de outubro, ao recorrer \u00e0s redes sociais para partilhar um conjunto de fotografias e v\u00eddeos antigos, guardados desde os primeiros tempos da rela\u00e7\u00e3o com <a href=\"https:\/\/famashow.pt\/pesquisa?q=Jessica+Athayde\" target=\"_blank\" rel=\"noopener noreferrer nofollow\"><strong>Jessica Athayde<\/strong><\/a>. <\/p>\n<p>O ator revelou registos in\u00e9ditos que datam de 2018, ano em que come\u00e7ou a hist\u00f3ria de amor com a atriz. &#8220;\u00c1lbum de fotografias e alguns v\u00eddeos que nunca partilhei\u2026 diz l\u00e1 qual \u00e9 que gostas mais, sff\u201d, escreveu Diogo Amaral na legenda da publica\u00e7\u00e3o. <\/p>\n<p>Entre os v\u00e1rios registos, destacou-se uma fotografia captada a 2 de fevereiro de 2018, no Aeroporto de Lisboa, onde os dois surgem com pinturas no rosto, um detalhe que o ator fez quest\u00e3o de sublinhar: \u201cChamo a aten\u00e7\u00e3o para as pinturas na cara\u201d, escreveu, com humor.<\/p>\n<p>Segundo Diogo, essa imagem assinala \u201co in\u00edcio da primeira temporada da nossa hist\u00f3ria\u201d, uma refer\u00eancia \u00e0 viagem que o casal fez a Londres e que marcou o arranque de uma rela\u00e7\u00e3o que, apesar de ter passado por altos e baixos, resistiu ao tempo.<\/p>\n<p>O casal, que tem um filho em comum, <strong>Oliver<\/strong>, nascido em 2019, chegou a separar-se durante algum tempo, mas acabou por se reconciliar, tendo-se casado a 23 de novembro\u00a0de 2024. <\/p>\n","protected":false},"excerpt":{"rendered":"O ator abriu o ba\u00fa das recorda\u00e7\u00f5es e mostrou aos seguidores imagens nunca antes vistas do in\u00edcio da&hellip;\n","protected":false},"author":2,"featured_media":108050,"comment_status":"","ping_status":"","sticky":false,"template":"","format":"standard","meta":{"footnotes":""},"categories":[145],"tags":[211,210,114,115,32,33],"class_list":{"0":"post-108049","1":"post","2":"type-post","3":"status-publish","4":"format-standard","5":"has-post-thumbnail","7":"category-celebridades","8":"tag-celebridades","9":"tag-celebrities","10":"tag-entertainment","11":"tag-entretenimento","12":"tag-portugal","13":"tag-pt"},"share_on_mastodon":{"url":"","error":""},"_links":{"self":[{"href":"https:\/\/www.europesays.com\/pt\/wp-json\/wp\/v2\/posts\/108049","targetHints":{"allow":["GET"]}}],"collection":[{"href":"https:\/\/www.europesays.com\/pt\/wp-json\/wp\/v2\/posts"}],"about":[{"href":"https:\/\/www.europesays.com\/pt\/wp-json\/wp\/v2\/types\/post"}],"author":[{"embeddable":true,"href":"https:\/\/www.europesays.com\/pt\/wp-json\/wp\/v2\/users\/2"}],"replies":[{"embeddable":true,"href":"https:\/\/www.europesays.com\/pt\/wp-json\/wp\/v2\/comments?post=108049"}],"version-history":[{"count":0,"href":"https:\/\/www.europesays.com\/pt\/wp-json\/wp\/v2\/posts\/108049\/revisions"}],"wp:featuredmedia":[{"embeddable":true,"href":"https:\/\/www.europesays.com\/pt\/wp-json\/wp\/v2\/media\/108050"}],"wp:attachment":[{"href":"https:\/\/www.europesays.com\/pt\/wp-json\/wp\/v2\/media?parent=108049"}],"wp:term":[{"taxonomy":"category","embeddable":true,"href":"https:\/\/www.europesays.com\/pt\/wp-json\/wp\/v2\/categories?post=108049"},{"taxonomy":"post_tag","embeddable":true,"href":"https:\/\/www.europesays.com\/pt\/wp-json\/wp\/v2\/tags?post=108049"}],"curies":[{"name":"wp","href":"https:\/\/api.w.org\/{rel}","templated":true}]}}