{"id":108051,"date":"2025-10-12T19:37:06","date_gmt":"2025-10-12T19:37:06","guid":{"rendered":"https:\/\/www.europesays.com\/pt\/108051\/"},"modified":"2025-10-12T19:37:06","modified_gmt":"2025-10-12T19:37:06","slug":"alckmin-diz-que-lula-pediu-suspensao-de-tarifa-de-40-a-trump-e-que-rubio-nao-e-problema-terra","status":"publish","type":"post","link":"https:\/\/www.europesays.com\/pt\/108051\/","title":{"rendered":"Alckmin diz que Lula pediu suspens\u00e3o de tarifa de 40% a Trump e que Rubio n\u00e3o \u00e9 problema &#8211; Terra"},"content":{"rendered":"<ol>\n<li><a href=\"https:\/\/news.google.com\/rss\/articles\/CBMi-wFBVV95cUxNWS1DMW9val9fZFBpQlZRTGFMZzF0czctS0hHeFY3LUZ2SVVCaFRFejd1X1pTMnpabnQ3bmFpeFhzeVM3Ym1sY095VFBOblNKVHg0c05qei1vN0tISzFrQ3oyWUhGc0FPd2ZCcWZJNkZEWHdoUHZmZEJWSEFsSzdsX0pBb0RvWTJUQUVBc0ZwVHI4YVhwYTRXckpJcGxLem1EVEdYQjBlN0RBcndxRnpmSkZiRkIxa2lkS3Z2RWJWcWdiS1lPazVQSUpOOGprY2lKdXVfRzQzeVFDcWdoQnBRc3oxYXpKZWtBODA2ODQ1QjlMWnY1VGdscXp0SQ?oc=5\" target=\"_blank\" rel=\"nofollow noopener\">Alckmin diz que Lula pediu suspens\u00e3o de tarifa de 40% a Trump e que Rubio n\u00e3o \u00e9 problema<\/a>&nbsp;&nbsp;Terra<\/li>\n<li><a href=\"https:\/\/news.google.com\/rss\/articles\/CBMi8AFBVV95cUxNaVhlOG1kYXdaeXVDYWlmTC05b3kwNnZUOTBwMUJNQk5TeEJmOGlFNUQ0aGZlcGpkTHhjY01KNHdLbkxGTnVtTFMzRm1XTV8wUGd6ZkxKNU1aU3FPRG9uZktGeTlsZFBjb21fOFRnQi1XWjBvQVBVNzBEZDdOZXFrcHNDc3o2RDNmcFBvS2Q4UjM3ZkE1Ul9RZnh3XzBsX0xldDdEM0pnZHkyVldmN0FEMGduX2VYNm1CNmhXajFOOUk1NkhzekNLYXdMUlpSdGczcDlmZnk3S3YtVkw2dm9ERHVLa080a01STnpDR1dVSW3SAf8BQVVfeXFMT2R1SnFUUkJhR1l6d25uMWxRMW4wZkdFRTFyUEVjbGFwWGw3cU1qU1Fkd292bkxhMmdxSzhZMVZxN191SmdhQWlUeFZUcFNBUXVLdG9jbHJMa2NVUFRHUEYxbl90LW54T3pZYVpwa3JYQlJFOFlDRHg1ODM2bEE1blJzSUtJdUhSNG5wMGxqNzExQm1SVTZLUFdxRTBydXlfWXRwb2Z2Z3E5b2tCcjV3OUowNUZsQjN2SkNuLUVERUl3UlQ4MFlrNTJjNEU5ejJpVFluQ0FLVHkxSkk3eklCV1BBYl9Cc3B3MjNFVGRoTVNGZ3Q2ODhuSmI0WTMzQkRr?oc=5\" target=\"_blank\" rel=\"nofollow noopener\">Alckmin diz que Lula pediu a Trump suspens\u00e3o do tarifa\u00e7o de 40% enquanto Brasil e EUA negociam<\/a>&nbsp;&nbsp;O Globo<\/li>\n<li><a href=\"https:\/\/news.google.com\/rss\/articles\/CBMirwFBVV95cUxOOVhkNnJ1NmlmSUtybHAxMnRmWTRQNGVvYmhyTzMxX3NFY2pBNTdRM0dScGJJWHktY0hLZDQta3dWQ0ZOSDdZaFpGeTJtNEhzTjBjbW8xQ1V2am8xdzJBXzBZR3VxUmxfaWJxOEFEamJUTjBVdmQ1Mk9qa3hmQzQ3OHVHNU40RE9vT3NEejZjcjdKN2QtX1drc3lVa1dPeFNxek1DMWJReUdmclFacTNN?oc=5\" target=\"_blank\" rel=\"nofollow noopener\">\u2018Hola, hermano\u2019: a raiz cubana de Rubio e o idioma falado com Mauro Vieira<\/a>&nbsp;&nbsp;VEJA<\/li>\n<li><a href=\"https:\/\/news.google.com\/rss\/articles\/CBMiyAFBVV95cUxPM0RhbWQwMG5qa0szM0dqb3hsQzlMdWl6TldWWEdEZUNqeUJpckRXc0FYeGZCXzZkdzVsZ3Z2Mk9nd0ZPLWVCVU5YTG8wOFR4NVRLakRKMXRZN2htYWc1Ukd5V0NpSno0OF9XU0NSUml4MXQtTURYY2JZb0NubnVaX2EyUG5ra0NzYzNsNHRQR1JySkhYcGp6MXRxN2pMeXdaQmZDUjM2SnJjVHdwenQwZ1VScU1qNkVZdFpxOVdUZHBCN2lfUGZ3Sg?oc=5\" target=\"_blank\" rel=\"nofollow noopener\">Opini\u00e3o | Terras raras e Venezuela, duas cascas de banana no encontro de Lula e Trump<\/a>&nbsp;&nbsp;Estad\u00e3o<\/li>\n<\/ol>\n","protected":false},"excerpt":{"rendered":"Alckmin diz que Lula pediu suspens\u00e3o de tarifa de 40% a Trump e que Rubio n\u00e3o \u00e9 problema&nbsp;&nbsp;Terra&hellip;\n","protected":false},"author":2,"featured_media":105934,"comment_status":"","ping_status":"","sticky":false,"template":"","format":"standard","meta":{"footnotes":""},"categories":[142],"tags":[114,115,32,33,151],"class_list":{"0":"post-108051","1":"post","2":"type-post","3":"status-publish","4":"format-standard","5":"has-post-thumbnail","7":"category-tv","8":"tag-entertainment","9":"tag-entretenimento","10":"tag-portugal","11":"tag-pt","12":"tag-tv"},"share_on_mastodon":{"url":"","error":""},"_links":{"self":[{"href":"https:\/\/www.europesays.com\/pt\/wp-json\/wp\/v2\/posts\/108051","targetHints":{"allow":["GET"]}}],"collection":[{"href":"https:\/\/www.europesays.com\/pt\/wp-json\/wp\/v2\/posts"}],"about":[{"href":"https:\/\/www.europesays.com\/pt\/wp-json\/wp\/v2\/types\/post"}],"author":[{"embeddable":true,"href":"https:\/\/www.europesays.com\/pt\/wp-json\/wp\/v2\/users\/2"}],"replies":[{"embeddable":true,"href":"https:\/\/www.europesays.com\/pt\/wp-json\/wp\/v2\/comments?post=108051"}],"version-history":[{"count":0,"href":"https:\/\/www.europesays.com\/pt\/wp-json\/wp\/v2\/posts\/108051\/revisions"}],"wp:featuredmedia":[{"embeddable":true,"href":"https:\/\/www.europesays.com\/pt\/wp-json\/wp\/v2\/media\/105934"}],"wp:attachment":[{"href":"https:\/\/www.europesays.com\/pt\/wp-json\/wp\/v2\/media?parent=108051"}],"wp:term":[{"taxonomy":"category","embeddable":true,"href":"https:\/\/www.europesays.com\/pt\/wp-json\/wp\/v2\/categories?post=108051"},{"taxonomy":"post_tag","embeddable":true,"href":"https:\/\/www.europesays.com\/pt\/wp-json\/wp\/v2\/tags?post=108051"}],"curies":[{"name":"wp","href":"https:\/\/api.w.org\/{rel}","templated":true}]}}