{"id":108052,"date":"2025-10-12T19:40:11","date_gmt":"2025-10-12T19:40:11","guid":{"rendered":"https:\/\/www.europesays.com\/pt\/108052\/"},"modified":"2025-10-12T19:40:11","modified_gmt":"2025-10-12T19:40:11","slug":"zidane-anuncia-equipa-ideal-para-voltar-a-treinar-vamos-ver","status":"publish","type":"post","link":"https:\/\/www.europesays.com\/pt\/108052\/","title":{"rendered":"Zidane anuncia equipa ideal para voltar a treinar: &#8220;Vamos ver&#8230;&#8221;"},"content":{"rendered":"<p>Ainda que esteja afastado do mundo do futebol desde que colocou um ponto final na segunda passagem de suplentes do Real Madrid, em junho de 2021, Zin\u00e9dine Zidane assegura que, aos 53 anos de idade, n\u00e3o lhe passa pela cabe\u00e7a vir a dar a carreira por terminada no futuro pr\u00f3ximo.<\/p>\n<p>O antigo internacional franc\u00eas levou a cabo uma (rara) apari\u00e7\u00e3o p\u00fablica, no Festival Desportivo de Trento, em It\u00e1lia, onde, perante uma aut\u00eantica multid\u00e3o, revelou a equipa id\u00edlica que tem em mente para regressar ao ativo enquanto treinador, com uma clara garantia pelo meio: &#8220;Eu vou, certamente, voltar a treinar&#8221;.<\/p>\n<p>&#8220;Eu e a Juventus? N\u00e3o sei por que \u00e9 que n\u00e3o acontecer. \u00c9 um clube que terei para sempre no meu cora\u00e7\u00e3o, porque deu-me muito. Quanto ao futuro, n\u00e3o sei&#8230; Um dos meus objetivos \u00e9 treinar a sele\u00e7\u00e3o nacional francesa. Vamos ver&#8230;&#8221;, afirmou, em declara\u00e7\u00f5es reproduzidas pelo jornalista transalpino <a href=\"https:\/\/gianlucadimarzio.com\/zidane-intervista-festival-dello-sport-news\/\" target=\"_blank\" rel=\"noopener nofollow\">Gianluca di Marzio<\/a>.<\/p>\n<p>As palavras de Zin\u00e9dine Zidane surgem j\u00e1 depois de Didier Deschamps ter feito saber que ir\u00e1 abandonar o leme da principal sele\u00e7\u00e3o gaulesa no final do pr\u00f3ximo Campeonato do Mundo de 2026, que ter\u00e1 lugar nos Estados Unidos da Am\u00e9rica, no M\u00e9xico e no Canad\u00e1, &#8216;abrindo caminho&#8217; para a poss\u00edvel chegada do compatriota ao cargo.<\/p>\n<p>&#8220;Quando me retirei, a minha vida mudou&#8221;<\/p>\n<p>Zin\u00e9dine Zidane foi, ainda, desafiado a refletir sobre os motivos que o levaram a &#8216;abra\u00e7ar&#8217; a carreira de treinador, depois de ter &#8216;pendurado as chuteiras&#8217;, em 2006: &#8220;Quando me retirei, a minha vida mudou. Passados tr\u00eas anos, eu n\u00e3o sabia o que havia de fazer. Tentei v\u00e1rias coisas, antes de me inscrever no curso de treinador&#8221;.<\/p>\n<p>&#8220;De todos os treinadores que tive, aquele com o qual mais aprendi foi [Marcello] Lippi. Ele foi muito importante, porque, quando cheguei a It\u00e1lia, foi dif\u00edcil, ao in\u00edcio, mas ele acreditou sempre em mim. Primeiro, tive [Carlo] Ancelotti como meu treinador, e, depois, tornei-me adjunto dele. \u00c9 um amigo, e foi importante para a minha carreira. \u00c9 um bom treinador porque presta aten\u00e7\u00e3o aos que os jogadores t\u00eam a dizer&#8221;, apontou.<\/p>\n<p>&#8220;Um treinado deve ser apaixonado pelo futebol, profundamente apaixonado. N\u00e3o s\u00e3o apenas aqueles que votam que s\u00e3o bons. H\u00e1 bons treinadores que n\u00e3o conseguem ganhar. Para mim, o mais importante \u00e9 transmitir algo aos jogadores. Quando \u00e9s apaixonado, ent\u00e3o, transmites algo aos jogadores&#8221;, acrescentou.<\/p>\n<p>&#8216;Juras de amor&#8217; \u00e0 Juventus<\/p>\n<p>A terminar, Zin\u00e9dine Zidane fez &#8216;juras de amor&#8217; \u00e0 Juventus, clube que representou, enquanto jogador, entre 1996 e 2001, somando 31 golos ao cabo de 212 partidas oficiais e conquistando uma Ta\u00e7a Intertoto, uma Superta\u00e7a Europeia, uma Ta\u00e7a Intercontinental, duas Serie A e ainda uma Superta\u00e7a de It\u00e1lia.<\/p>\n<p>&#8220;Os tr\u00eas anos que passei l\u00e1 foram fant\u00e1sticos. Vim de Fran\u00e7a, onde o futebol era \u00f3timo, mas n\u00e3o como na Juventus. Em Turim, senti que a \u00fanica coisa que tinha de fazer era vencer, sempre, tanto em casa como fora. Aquilo que mais me surpreendeu em [Gianni] Agnelli foi o facto de, quando estava a jogar bem, me ter ligado, \u00e0s 6h da manh\u00e3, para me dar os parab\u00e9ns. Era um cavalheiro, dava para perceber que era f\u00e3 de futebol&#8221;, rematou.<\/p>\n<p>Leia Tamb\u00e9m: <a href=\"https:\/\/www.noticiasaominuto.com\/desporto\/2863988\/fifa-chama-peso-pesados-para-apresentar-bola-do-mundial2026\" target=\"_blank\" rel=\"noopener noreferrer nofollow\">FIFA chama &#8216;pesos pesados&#8217; para apresentar bola do Mundial&#8217;2026 <\/a><\/p>\n","protected":false},"excerpt":{"rendered":"Ainda que esteja afastado do mundo do futebol desde que colocou um ponto final na segunda passagem de&hellip;\n","protected":false},"author":2,"featured_media":108053,"comment_status":"","ping_status":"","sticky":false,"template":"","format":"standard","meta":{"footnotes":""},"categories":[87],"tags":[135,32,33,134],"class_list":{"0":"post-108052","1":"post","2":"type-post","3":"status-publish","4":"format-standard","5":"has-post-thumbnail","7":"category-desporto","8":"tag-desporto","9":"tag-portugal","10":"tag-pt","11":"tag-sports"},"share_on_mastodon":{"url":"","error":""},"_links":{"self":[{"href":"https:\/\/www.europesays.com\/pt\/wp-json\/wp\/v2\/posts\/108052","targetHints":{"allow":["GET"]}}],"collection":[{"href":"https:\/\/www.europesays.com\/pt\/wp-json\/wp\/v2\/posts"}],"about":[{"href":"https:\/\/www.europesays.com\/pt\/wp-json\/wp\/v2\/types\/post"}],"author":[{"embeddable":true,"href":"https:\/\/www.europesays.com\/pt\/wp-json\/wp\/v2\/users\/2"}],"replies":[{"embeddable":true,"href":"https:\/\/www.europesays.com\/pt\/wp-json\/wp\/v2\/comments?post=108052"}],"version-history":[{"count":0,"href":"https:\/\/www.europesays.com\/pt\/wp-json\/wp\/v2\/posts\/108052\/revisions"}],"wp:featuredmedia":[{"embeddable":true,"href":"https:\/\/www.europesays.com\/pt\/wp-json\/wp\/v2\/media\/108053"}],"wp:attachment":[{"href":"https:\/\/www.europesays.com\/pt\/wp-json\/wp\/v2\/media?parent=108052"}],"wp:term":[{"taxonomy":"category","embeddable":true,"href":"https:\/\/www.europesays.com\/pt\/wp-json\/wp\/v2\/categories?post=108052"},{"taxonomy":"post_tag","embeddable":true,"href":"https:\/\/www.europesays.com\/pt\/wp-json\/wp\/v2\/tags?post=108052"}],"curies":[{"name":"wp","href":"https:\/\/api.w.org\/{rel}","templated":true}]}}