{"id":108054,"date":"2025-10-12T19:41:19","date_gmt":"2025-10-12T19:41:19","guid":{"rendered":"https:\/\/www.europesays.com\/pt\/108054\/"},"modified":"2025-10-12T19:41:19","modified_gmt":"2025-10-12T19:41:19","slug":"o-perigo-da-sepse-e-a-importancia-do-diagnostico-precoce","status":"publish","type":"post","link":"https:\/\/www.europesays.com\/pt\/108054\/","title":{"rendered":"o perigo da sepse e a import\u00e2ncia do diagn\u00f3stico precoce"},"content":{"rendered":"<p class=\"texto\">Ela come\u00e7a com sinais sutis: febre alta, cansa\u00e7o extremo, confus\u00e3o mental. \u00c0 primeira vista, pode parecer apenas uma gripe forte ou uma infec\u00e7\u00e3o comum. No entanto, a evolu\u00e7\u00e3o pode ser devastadora. A sepse, tamb\u00e9m conhecida como infec\u00e7\u00e3o generalizada, \u00e9 uma emerg\u00eancia m\u00e9dica que exige a\u00e7\u00e3o imediata. Apesar de grave e potencialmente fatal, ainda \u00e9 pouco conhecida pela popula\u00e7\u00e3o, e essa falta de informa\u00e7\u00e3o \u00e9 um dos maiores inimigos na luta pela vida.<\/p>\n<p class=\"texto\">Marcelo Cordeiro, infectologista do Sabin Diagn\u00f3stico e Sa\u00fade, explica que a sepse \u00e9 uma resposta exagerada do organismo a uma infec\u00e7\u00e3o, capaz de provocar les\u00f5es em um ou mais \u00f3rg\u00e3os, como rins, pulm\u00f5es, cora\u00e7\u00e3o e at\u00e9 c\u00e9rebro. &#8220;Sem tratamento adequado e r\u00e1pido, o quadro pode evoluir para um choque s\u00e9ptico, que, frequentemente, leva \u00e0 morte&#8221;, alerta o especialista.<\/p>\n<p class=\"texto\">Mas, afinal, como ela acontece? A sepse se instala quando uma infec\u00e7\u00e3o, causada por bact\u00e9rias, v\u00edrus ou fungos, desencadeia uma rea\u00e7\u00e3o inflamat\u00f3ria descontrolada no corpo. Pneumonias, infec\u00e7\u00f5es urin\u00e1rias ou at\u00e9 feridas de pele aparentemente inofensivas podem servir de porta de entrada. Essa inflama\u00e7\u00e3o generalizada se espalha pela corrente sangu\u00ednea e passa a comprometer o funcionamento de m\u00faltiplos \u00f3rg\u00e3os.<\/p>\n<p class=\"texto\">Nos casos mais graves, a press\u00e3o arterial despenca, o fluxo sangu\u00edneo se torna insuficiente e os \u00f3rg\u00e3os sofrem danos severos, levando ao choque s\u00e9ptico, est\u00e1gio em que o risco de morte \u00e9 ainda maior. O tempo, nesse cen\u00e1rio, \u00e9 um fator determinante. &#8220;Cada hora de atraso na administra\u00e7\u00e3o do antibi\u00f3tico e no suporte hemodin\u00e2mico aumenta a mortalidade. Por isso, reconhecer os sinais precocemente pode salvar uma vida&#8221;, refor\u00e7a Marcelo.<\/p>\n<p class=\"texto\">A boa not\u00edcia \u00e9 que a preven\u00e7\u00e3o \u00e9 poss\u00edvel. Segundo o infectologista, manter o cart\u00e3o de vacinas em dia e tratar prontamente qualquer infec\u00e7\u00e3o, mesmo aquelas que parecem simples, como de pele, dente ou trato urin\u00e1rio, s\u00e3o medidas essenciais para reduzir o risco. A aten\u00e7\u00e3o aos sinais do corpo e a busca r\u00e1pida por atendimento m\u00e9dico diante de febre persistente, calafrios, fraqueza ou confus\u00e3o mental podem fazer toda a diferen\u00e7a entre a recupera\u00e7\u00e3o e a complica\u00e7\u00e3o.<\/p>\n<p class=\"texto\">*Estagi\u00e1ria sob a supervis\u00e3o de Sibele Negromonte<\/p>\n<p>Sintomas e sinais de alerta<\/p>\n<p class=\"texto\">\u00a0<\/p>\n<p>Principais infec\u00e7\u00f5es que podem evoluir para sepse<\/p>\n<ul>&#13;<\/p>\n<li dir=\"ltr\">&#13;\n<p dir=\"ltr\">Pneumonia<\/p>\n<p>&#13;\n<\/li>\n<p>&#13;<\/p>\n<li dir=\"ltr\">&#13;\n<p dir=\"ltr\">Infec\u00e7\u00e3o urin\u00e1ria<\/p>\n<p>&#13;\n<\/li>\n<p>&#13;<\/p>\n<li dir=\"ltr\">&#13;\n<p dir=\"ltr\">infec\u00e7\u00f5es de abdome (ves\u00edcula, apendicite)<\/p>\n<p>&#13;\n<\/li>\n<p>&#13;<\/p>\n<li dir=\"ltr\">&#13;\n<p dir=\"ltr\">pele\/tecidos moles<\/p>\n<p>&#13;\n<\/li>\n<p>&#13;<\/p>\n<li dir=\"ltr\">&#13;\n<p dir=\"ltr\">Infec\u00e7\u00f5es de cateter ou p\u00f3s-cir\u00fargicas<\/p>\n<p>&#13;\n<\/li>\n<p>&#13;\n<\/ul>\n<p class=\"texto\">\u00a0<\/p>\n<p>O que a inflama\u00e7\u00e3o pode causar<\/p>\n<ul>&#13;<\/p>\n<li dir=\"ltr\">&#13;\n<p dir=\"ltr\"><strong>Vasodilata\u00e7\u00e3o:<\/strong> os vasos sangu\u00edneos se dilatam, o que diminui a press\u00e3o arterial e compromete o fluxo sangu\u00edneo para os \u00f3rg\u00e3os.<\/p>\n<p>&#13;\n<\/li>\n<p>&#13;<\/p>\n<li dir=\"ltr\">&#13;\n<p dir=\"ltr\"><strong>Coagula\u00e7\u00e3o:<\/strong> pequenos co\u00e1gulos de sangue podem se formar nos vasos dos \u00f3rg\u00e3os, prejudicando ainda mais o suprimento de oxig\u00eanio e nutrientes.<\/p>\n<p>&#13;\n<\/li>\n<p>&#13;<\/p>\n<li dir=\"ltr\">&#13;\n<p dir=\"ltr\"><strong>Disfun\u00e7\u00e3o org\u00e2nica:<\/strong> a combina\u00e7\u00e3o de inflama\u00e7\u00e3o, fluxo sangu\u00edneo reduzido e falta de oxig\u00eanio pode levar \u00e0 parada da fun\u00e7\u00e3o de um ou mais \u00f3rg\u00e3os (como cora\u00e7\u00e3o, rins ou pulm\u00f5es).\u00a0<\/p>\n<p>&#13;\n<\/li>\n<p>&#13;<\/p>\n<li dir=\"ltr\">&#13;\n<p dir=\"ltr\"><strong>Choque s\u00e9ptico:<\/strong> em casos graves, a press\u00e3o arterial cai drasticamente e os \u00f3rg\u00e3os sofrem danos severos, levando ao choque s\u00e9ptico, uma condi\u00e7\u00e3o perigosa que pode ser fatal.<\/p>\n<p>&#13;\n<\/li>\n<p>&#13;\n<\/ul>\n<p class=\"texto\">\u00a0<\/p>\n<p>Grupos de risco<\/p>\n<ul>&#13;<\/p>\n<li dir=\"ltr\">&#13;\n<p dir=\"ltr\">Idosos e crian\u00e7as pequenas<\/p>\n<p>&#13;\n<\/li>\n<p>&#13;<\/p>\n<li dir=\"ltr\">&#13;\n<p dir=\"ltr\">Pessoas com doen\u00e7as cr\u00f4nicas (diabetes, cardiopatias, doen\u00e7a renal)<\/p>\n<p>&#13;\n<\/li>\n<p>&#13;<\/p>\n<li dir=\"ltr\">&#13;\n<p dir=\"ltr\">Imunossuprimidos (c\u00e2ncer, HIV, uso de corticoide\/imunossupressor, p\u00f3s-transplante)<\/p>\n<p>&#13;\n<\/li>\n<p>&#13;<\/p>\n<li dir=\"ltr\">&#13;\n<p dir=\"ltr\">Gestantes, pu\u00e9rperas e pessoas em p\u00f3s-operat\u00f3rio<\/p>\n<p>&#13;\n<\/li>\n<p>&#13;<\/p>\n<li dir=\"ltr\">&#13;\n<p dir=\"ltr\">Portadores de dispositivos m\u00e9dicos ou que possuem alguma porta de entrada, como cateteres ou feridas<\/p>\n<p>&#13;\n<\/li>\n<p>&#13;\n<\/ul>\n<p class=\"texto\">\u00a0<\/p>\n<p>Como prevenir<\/p>\n<ul>&#13;<\/p>\n<li dir=\"ltr\">&#13;\n<p dir=\"ltr\">Higiene: lave as m\u00e3os frequentemente com \u00e1gua e sab\u00e3o ou \u00e1lcool em gel, e cuide da higiene de feridas e les\u00f5es para evitar que se transformem em focos de infec\u00e7\u00e3o.<\/p>\n<p>&#13;\n<\/li>\n<p>&#13;<\/p>\n<li dir=\"ltr\">&#13;\n<p dir=\"ltr\">Vacina\u00e7\u00e3o: mantenha seu calend\u00e1rio de vacina\u00e7\u00e3o atualizado para se proteger contra doen\u00e7as que podem levar \u00e0 sepse, como infec\u00e7\u00f5es respirat\u00f3rias e outras<\/p>\n<p>&#13;\n<\/li>\n<p>&#13;<\/p>\n<li dir=\"ltr\">&#13;\n<p dir=\"ltr\">Tratamento de infec\u00e7\u00f5es: busque atendimento m\u00e9dico para tratar infec\u00e7\u00f5es assim que elas aparecerem e siga as orienta\u00e7\u00f5es m\u00e9dicas para evitar complica\u00e7\u00f5es. N\u00e3o se automedique, especialmente com antibi\u00f3ticos.<\/p>\n<p>&#13;\n<\/li>\n<p>&#13;<\/p>\n<li dir=\"ltr\">&#13;\n<p dir=\"ltr\">Controle de doen\u00e7as cr\u00f4nicas: mantenha condi\u00e7\u00f5es como diabetes e doen\u00e7as pulmonares sob controle, pois elas podem aumentar o risco de desenvolver infec\u00e7\u00f5es graves.<\/p>\n<p>&#13;\n<\/li>\n<p>&#13;<\/p>\n<li dir=\"ltr\">&#13;\n<p dir=\"ltr\">Aten\u00e7\u00e3o aos sinais: fique atento a sintomas como febre, calafrios, confus\u00e3o mental, falta de ar e baixa press\u00e3o arterial.<\/p>\n<p>&#13;\n<\/li>\n<p>&#13;\n<\/ul>\n<p class=\"texto\"><strong>Palavra do especialista\u00a0<\/strong><\/p>\n<p dir=\"ltr\"><strong>Como \u00e9 feito o tratamento de um paciente com sepse?<\/strong><\/p>\n<p dir=\"ltr\">\u00c9\u00a0uma verdadeira corrida contra o tempo. Assim que o diagn\u00f3stico \u00e9 suspeitado, o paciente deve receber antibi\u00f3ticos de amplo espectro o mais cedo poss\u00edvel, pois cada hora de atraso pode aumentar significativamente o risco de morte. Al\u00e9m disso, s\u00e3o adotadas medidas de suporte \u00e0 vida, como reposi\u00e7\u00e3o de l\u00edquidos na veia para estabilizar a press\u00e3o arterial e garantir a perfus\u00e3o dos \u00f3rg\u00e3os.\u00a0Em muitos casos, \u00e9 necess\u00e1rio identificar e controlar o foco da infec\u00e7\u00e3o, o que pode envolver drenar abscessos, remover ou trocar cateteres contaminados ou at\u00e9 realizar cirurgias para eliminar o agente causador. Pacientes graves podem precisar de ventila\u00e7\u00e3o mec\u00e2nica, suporte renal (hemodi\u00e1lise) e monitoramento intensivo em unidades de terapia intensiva (UTI). O tratamento \u00e9 individualizado e exige uma equipe multidisciplinar atuando de forma integrada e r\u00e1pida para evitar o agravamento do quadro.<\/p>\n<p dir=\"ltr\">\u00a0<\/p>\n<p dir=\"ltr\"><strong>Por que a sepse, muitas vezes, \u00e9 confundida com outras condi\u00e7\u00f5es cl\u00ednicas?<\/strong><\/p>\n<p dir=\"ltr\">A sepse \u00e9 trai\u00e7oeira justamente porque seus sintomas iniciais s\u00e3o inespec\u00edficos, como febre, mal-estar, cansa\u00e7o, taquicardia, confus\u00e3o mental ou falta de ar. Esses sinais podem facilmente ser atribu\u00eddos a doen\u00e7as comuns, como uma gripe forte, desidrata\u00e7\u00e3o ou crise de uma condi\u00e7\u00e3o cr\u00f4nica.\u00a0Quando a sepse j\u00e1 est\u00e1 instalada em seu quadro mais espec\u00edfico, realmente fica mais f\u00e1cil identific\u00e1-la, mas, nesse est\u00e1gio, as chances de sobreviv\u00eancia j\u00e1 diminuem bastante. Por isso, o reconhecimento precoce \u00e9 fundamental. Alguns sinais de alerta que merecem aten\u00e7\u00e3o incluem altera\u00e7\u00f5es na press\u00e3o arterial, redu\u00e7\u00e3o na produ\u00e7\u00e3o de urina (diurese), confus\u00e3o mental, frequ\u00eancia respirat\u00f3ria aumentada, febre persistente, palidez intensa ou, em alguns casos, manchas avermelhadas na pele (rash cut\u00e2neo). Esses sintomas indicam que o corpo est\u00e1 reagindo de forma intensa \u00e0 infec\u00e7\u00e3o, podendo evoluir rapidamente para um quadro grave.\u00a0Diante de qualquer suspeita, o atendimento deve ser o mais r\u00e1pido poss\u00edvel, seguindo os protocolos atuais de tratamento da sepse.\u00a0<\/p>\n<p dir=\"ltr\">\u00a0<\/p>\n<p class=\"texto\"><strong>A popula\u00e7\u00e3o em geral conhece pouco sobre a sepse. Como melhorar a conscientiza\u00e7\u00e3o sobre esse problema?<\/strong><\/p>\n<p dir=\"ltr\">O caminho passa, sobretudo, pela educa\u00e7\u00e3o, tanto da popula\u00e7\u00e3o quanto dos profissionais de sa\u00fade. Assim como em outras doen\u00e7as, o conhecimento sobre a sepse vem de um processo educativo e de uma ampla divulga\u00e7\u00e3o sobre seus riscos e formas de preven\u00e7\u00e3o. Grande parte dos casos ocorre no ambiente hospitalar, muitas vezes associada \u00e0 falta de cuidado, \u00e0 desaten\u00e7\u00e3o com os extremos da vida (crian\u00e7as e idosos) ou com pacientes que apresentam comorbidades, ou seja, outras doen\u00e7as graves que comprometem o organismo. \u00c9 importante lembrar que a sepse \u00e9 sorrateira e pode evoluir de forma muito r\u00e1pida, em quest\u00e3o de horas, para um quadro grave. Por isso, tanto a popula\u00e7\u00e3o quanto os profissionais da sa\u00fade precisam estar atentos aos sinais e sintomas.\u00a0<\/p>\n<p dir=\"ltr\">*Charles Schmidt \u00e9 infectologista pedi\u00e1trico e gerente m\u00e9dico do centro de pesquisas cl\u00ednicas do Instituto Central do Hospital das Cl\u00ednicas \u2014 Funda\u00e7\u00e3o da Faculdade de Medicina USP\u00a0<\/p>\n<ul>\n<li><a href=\"https:\/\/wa.me\/?text=Cada+minuto+conta%3A+o+perigo+da+sepse+e+a+import%C3%A2ncia+do+diagn%C3%B3stico+precoce%20https:\/\/www.correiobraziliense.com.br\/revista-do-correio\/2025\/10\/7264845-cada-minuto-conta-o-perigo-da-sepse-e-a-importancia-do-diagnostico-precoce.html\" target=\"_blank\" title=\"Whatsapp\" aria-label=\"WhatsApp\" rel=\"nofollow noopener\"><\/a><\/li>\n<li><a href=\"https:\/\/www.facebook.com\/sharer.php?u=https:\/\/www.correiobraziliense.com.br%2Frevista-do-correio%2F2025%2F10%2F7264845-cada-minuto-conta-o-perigo-da-sepse-e-a-importancia-do-diagnostico-precoce.html&amp;text=Cada+minuto+conta%3A+o+perigo+da+sepse+e+a+import%C3%A2ncia+do+diagn%C3%B3stico+precoce\" target=\"_blank\" title=\"Facebook\" aria-label=\"Facebook\" rel=\"nofollow noopener\"><\/a><\/li>\n<li><a href=\"https:\/\/twitter.com\/intent\/tweet?url=https:\/\/www.correiobraziliense.com.br%2Frevista-do-correio%2F2025%2F10%2F7264845-cada-minuto-conta-o-perigo-da-sepse-e-a-importancia-do-diagnostico-precoce.html&amp;text=Cada+minuto+conta%3A+o+perigo+da+sepse+e+a+import%C3%A2ncia+do+diagn%C3%B3stico+precoce\" target=\"_blank\" title=\"Twitter\" aria-label=\"Twitter\" rel=\"nofollow noopener\"><\/a><\/li>\n<li><a href=\"https:\/\/profile.google.com\/cp\/CgovbS8wNzZ0dms1\" title=\"Google Discover\" target=\"_blank\" aria-label=\"Google Discover\" rel=\"nofollow noopener\"><img decoding=\"async\" src=\"https:\/\/www.europesays.com\/pt\/wp-content\/uploads\/2025\/10\/google-discover-icon.png\" style=\"height: 25px; margin: 0 !important; margin-left: 3px;\" alt=\"Google Discover Icon\"\/><\/a><\/li>\n<\/ul>\n<p>              <a href=\"https:\/\/www.correiobraziliense.com.br\/autor\/giovanna-rodrigues\/page\/1\/\" style=\"height: 100%;\" rel=\"nofollow noopener\" target=\"_blank\"><img decoding=\"async\" class=\"hidden-print author-circle d-block h6 mt-0 mb-0 mr-6 text-center\" src=\"https:\/\/www.europesays.com\/pt\/wp-content\/uploads\/2025\/10\/whatsapp_image_2025_03_20_at_15_30_09-48305248.jpeg\" alt=\"\" width=\"40\" height=\"40\" loading=\"lazy\" style=\"object-fit:cover; width: 40px; height: 40px; margin-right:10px;\"\/><\/a><a href=\"https:\/\/www.correiobraziliense.com.br\/autor\/giovanna-rodrigues\/page\/1\/\" rel=\"nofollow noopener\" target=\"_blank\"><img decoding=\"async\" class=\"hidden-print author-circle d-block h6 mt-0 mb-0 mr-6 text-center\" src=\"https:\/\/www.europesays.com\/pt\/wp-content\/uploads\/2025\/10\/whatsapp_image_2025_03_20_at_15_30_09-48305248.jpeg\" alt=\"\" width=\"40\" height=\"40\" loading=\"lazy\" style=\"object-fit:cover; width: 40px; height: 40px; margin-right:10px;\"\/><\/a>Giovanna Rodrigues  <strong class=\"entryStrongAuthor\"\/><\/p>\n<p class=\"entryDescricaoAuthor\"> Brasiliense, moradora do Guar\u00e1, estudante de Jornalismo no s\u00e9timo semestre, pela Universidade do Distrito Federal. Atuando como estagi\u00e1ria na Revista do Correio. <\/p>\n<p>                          <script async src=\"https:\/\/platform.twitter.com\/widgets.js\" charset=\"utf-8\"><\/script><\/p>\n","protected":false},"excerpt":{"rendered":"Ela come\u00e7a com sinais sutis: febre alta, cansa\u00e7o extremo, confus\u00e3o mental. \u00c0 primeira vista, pode parecer apenas uma&hellip;\n","protected":false},"author":2,"featured_media":108055,"comment_status":"","ping_status":"","sticky":false,"template":"","format":"standard","meta":{"footnotes":""},"categories":[86],"tags":[116,10929,32,33,117,8487],"class_list":{"0":"post-108054","1":"post","2":"type-post","3":"status-publish","4":"format-standard","5":"has-post-thumbnail","7":"category-saude","8":"tag-health","9":"tag-infeccao","10":"tag-portugal","11":"tag-pt","12":"tag-saude","13":"tag-sepse"},"share_on_mastodon":{"url":"","error":""},"_links":{"self":[{"href":"https:\/\/www.europesays.com\/pt\/wp-json\/wp\/v2\/posts\/108054","targetHints":{"allow":["GET"]}}],"collection":[{"href":"https:\/\/www.europesays.com\/pt\/wp-json\/wp\/v2\/posts"}],"about":[{"href":"https:\/\/www.europesays.com\/pt\/wp-json\/wp\/v2\/types\/post"}],"author":[{"embeddable":true,"href":"https:\/\/www.europesays.com\/pt\/wp-json\/wp\/v2\/users\/2"}],"replies":[{"embeddable":true,"href":"https:\/\/www.europesays.com\/pt\/wp-json\/wp\/v2\/comments?post=108054"}],"version-history":[{"count":0,"href":"https:\/\/www.europesays.com\/pt\/wp-json\/wp\/v2\/posts\/108054\/revisions"}],"wp:featuredmedia":[{"embeddable":true,"href":"https:\/\/www.europesays.com\/pt\/wp-json\/wp\/v2\/media\/108055"}],"wp:attachment":[{"href":"https:\/\/www.europesays.com\/pt\/wp-json\/wp\/v2\/media?parent=108054"}],"wp:term":[{"taxonomy":"category","embeddable":true,"href":"https:\/\/www.europesays.com\/pt\/wp-json\/wp\/v2\/categories?post=108054"},{"taxonomy":"post_tag","embeddable":true,"href":"https:\/\/www.europesays.com\/pt\/wp-json\/wp\/v2\/tags?post=108054"}],"curies":[{"name":"wp","href":"https:\/\/api.w.org\/{rel}","templated":true}]}}